{"id":5970,"date":"2022-12-29T22:15:34","date_gmt":"2022-12-29T21:15:34","guid":{"rendered":"https:\/\/www.suoreminime.com\/?p=5970"},"modified":"2022-12-29T22:15:34","modified_gmt":"2022-12-29T21:15:34","slug":"56-giornata-mondiale-per-la-pace","status":"publish","type":"post","link":"https:\/\/www.suoreminime.com\/it\/56-giornata-mondiale-per-la-pace\/","title":{"rendered":"56\u00b0 GIORNATA MONDIALE PER LA PACE"},"content":{"rendered":"<p><i>\u00abRiguardo poi ai tempi e ai momenti, fratelli, non avete bisogno che ve ne scriva; infatti sapete bene che il giorno del Signore verr\u00e0 come un ladro di notte\u00bb<\/i>\u00a0(<i>Prima Lettera di San Paolo ai Tessalonicesi<\/i>\u00a05,1-2).<\/p>\n<p>1. Con queste parole, l\u2019Apostolo Paolo invitava la comunit\u00e0 di Tessalonica perch\u00e9, nell\u2019attesa dell\u2019incontro con il Signore, restasse salda, con i piedi e il cuore ben piantati sulla terra, capace di uno sguardo attento sulla realt\u00e0 e sulle vicende della storia. Perci\u00f2, anche se gli eventi della nostra esistenza appaiono cos\u00ec tragici e ci sentiamo spinti nel tunnel oscuro e difficile dell\u2019ingiustizia e della sofferenza, siamo chiamati a tenere il cuore aperto alla speranza, fiduciosi in Dio che si fa presente, ci accompagna con tenerezza, ci sostiene nella fatica e, soprattutto, orienta il nostro cammino. Per questo San Paolo esorta costantemente la Comunit\u00e0 a vigilare, cercando il bene, la giustizia e la verit\u00e0: \u00abNon dormiamo dunque come gli altri, ma vigiliamo e siamo sobri\u00bb (5,6). \u00c8 un invito a restare svegli, a non rinchiuderci nella paura, nel dolore o nella rassegnazione, a non cedere alla distrazione, a non scoraggiarci ma ad essere invece come sentinelle capaci di vegliare e di cogliere le prime luci dell\u2019alba, soprattutto nelle ore pi\u00f9 buie.<\/p>\n<p>2. Il Covid-19 ci ha fatto piombare nel cuore della notte, destabilizzando la nostra vita ordinaria, mettendo a soqquadro i nostri piani e le nostre abitudini, ribaltando l\u2019apparente tranquillit\u00e0 anche delle societ\u00e0 pi\u00f9 privilegiate, generando disorientamento e sofferenza, causando la morte di tanti nostri fratelli e sorelle.<\/p>\n<p>Spinti nel vortice di sfide improvvise e in una situazione che non era del tutto chiara neanche dal punto di vista scientifico, il mondo della sanit\u00e0 si \u00e8 mobilitato per lenire il dolore di tanti e per cercare di porvi rimedio; cos\u00ec come le Autorit\u00e0 politiche, che hanno dovuto adottare notevoli misure in termini di organizzazione e gestione dell\u2019emergenza.<\/p>\n<p>Assieme alle manifestazioni fisiche, il Covid-19 ha provocato, anche con effetti a lungo termine, un malessere generale che si \u00e8 concentrato nel cuore di tante persone e famiglie, con risvolti non trascurabili, alimentati dai lunghi periodi di isolamento e da diverse limitazioni di libert\u00e0.<\/p>\n<p>Inoltre, non possiamo dimenticare come la pandemia abbia toccato alcuni nervi scoperti dell\u2019assetto sociale ed economico, facendo emergere contraddizioni e disuguaglianze.Ha minacciato la sicurezza lavorativa di tanti e aggravato la solitudine sempre pi\u00f9 diffusa nelle nostre societ\u00e0, in particolare quella dei pi\u00f9 deboli e dei poveri. Pensiamo, ad esempio, ai milioni di lavoratori informali in molte parti del mondo, rimasti senza impiego e senza alcun supporto durante tutto il periodo di confinamento.<\/p>\n<p>Raramente gli individui e la societ\u00e0 progrediscono in situazioni che generano un tale senso di sconfitta e amarezza: esso infatti indebolisce gli sforzi spesi per la pace e provoca conflitti sociali, frustrazioni e violenze di vario genere. In questo senso, la pandemia sembra aver sconvolto anche le zone pi\u00f9 pacifiche del nostro mondo, facendo emergere innumerevoli fragilit\u00e0.<\/p>\n<p>3. Dopo tre anni, \u00e8 ora di prendere un tempo per interrogarci, imparare, crescere e lasciarci trasformare, come singoli e come comunit\u00e0; un tempo privilegiato per prepararsi al \u201cgiorno del Signore\u201d. Ho gi\u00e0 avuto modo di ripetere pi\u00f9 volte che dai momenti di crisi non si esce mai uguali: se ne esce o migliori o peggiori. Oggi siamo chiamati a chiederci: che cosa abbiamo imparato da questa situazione di pandemia? Quali nuovi cammini dovremo intraprendere per abbandonare le catene delle nostre vecchie abitudini, per essere meglio preparati, per osare la novit\u00e0? Quali segni di vita e di speranza possiamo cogliere per andare avanti e cercare di rendere migliore il nostro mondo?<\/p>\n<p>Di certo, avendo toccato con mano la fragilit\u00e0 che contraddistingue la realt\u00e0 umana e la nostra esistenza personale, possiamo dire che la pi\u00f9 grande lezione che il Covid-19 ci lascia in eredit\u00e0 \u00e8 la consapevolezza che abbiamo tutti bisogno gli uni degli altri, che il nostro tesoro pi\u00f9 grande, seppure anche pi\u00f9 fragile, \u00e8 la fratellanza umana, fondata sulla comune figliolanza divina, e che nessuno pu\u00f2 salvarsi da solo. \u00c8 urgente dunque ricercare e promuovere insieme i valori universali che tracciano il cammino di questa fratellanza umana. Abbiamo anche imparato che la fiducia riposta nel progresso, nella tecnologia e negli effetti della globalizzazione non solo \u00e8 stata eccessiva, ma si \u00e8 trasformata in una intossicazione individualistica e idolatrica, compromettendo la garanzia auspicata di giustizia, di concordia e di pace. Nel nostro mondo che corre a grande velocit\u00e0, molto spesso i diffusi problemi di squilibri, ingiustizie, povert\u00e0 ed emarginazioni alimentano malesseri e conflitti, e generano violenze e anche guerre.<\/p>\n<p>Mentre, da una parte, la pandemia ha fatto emergere tutto questo, abbiamo potuto, dall\u2019altra, fare scoperte positive: un benefico ritorno all\u2019umilt\u00e0; un ridimensionamento di certe pretese consumistiche; un senso rinnovato di solidariet\u00e0 che ci incoraggia a uscire dal nostro egoismo per aprirci alla sofferenza degli altri e ai loro bisogni; nonch\u00e9 un impegno, in certi casi veramente eroico, di tante persone che si sono spese perch\u00e9 tutti potessero superare al meglio il dramma dell\u2019emergenza.<\/p>\n<p>Da tale esperienza \u00e8 derivata pi\u00f9 forte la consapevolezza che invita tutti, popoli e nazioni, a rimettere al centro la parola \u201cinsieme\u201d. Infatti, \u00e8 insieme, nella fraternit\u00e0 e nella solidariet\u00e0, che costruiamo la pace, garantiamo la giustizia, superiamo gli eventi pi\u00f9 dolorosi. Le risposte pi\u00f9 efficaci alla pandemia sono state, in effetti, quelle che hanno visto gruppi sociali, istituzioni pubbliche e private, organizzazioni internazionali uniti per rispondere alla sfida, lasciando da parte interessi particolari. Solo la pace che nasce dall\u2019amore fraterno e disinteressato pu\u00f2 aiutarci a superare le crisi personali, sociali e mondiali.<\/p>\n<p>4. Al tempo stesso, nel momento in cui abbiamo osato sperare che il peggio della notte della pandemia da Covid-19 fosse stato superato, una nuova terribile sciagura si \u00e8 abbattuta sull\u2019umanit\u00e0. Abbiamo assistito all\u2019insorgere di un altro flagello: un\u2019ulteriore guerra, in parte paragonabile al Covid-19, ma tuttavia guidata da scelte umane colpevoli. La guerra in Ucraina miete vittime innocenti e diffonde incertezza, non solo per chi ne viene direttamente colpito, ma in modo diffuso e indiscriminato per tutti, anche per quanti, a migliaia di chilometri di distanza, ne soffrono gli effetti collaterali \u2013 basti solo pensare ai problemi del grano e ai prezzi del carburante.<\/p>\n<p>Di certo, non \u00e8 questa l\u2019era post-Covid che speravamo o ci aspettavamo. Infatti, questa guerra, insieme a tutti gli altri conflitti sparsi per il globo, rappresenta una sconfitta per l\u2019umanit\u00e0 intera e non solo per le parti direttamente coinvolte. Mentre per il Covid-19 si \u00e8 trovato un vaccino, per la guerra ancora non si sono trovate soluzioni adeguate. Certamente il virus della guerra \u00e8 pi\u00f9 difficile da sconfiggere di quelli che colpiscono l\u2019organismo umano, perch\u00e9 esso non proviene dall\u2019esterno, ma dall\u2019interno del cuore umano, corrotto dal peccato (cfr\u00a0<i>Vangelo di Marco<\/i>\u00a07,17-23).<\/p>\n<p>5. Cosa, dunque, ci \u00e8 chiesto di fare? Anzitutto, di lasciarci cambiare il cuore dall\u2019emergenza che abbiamo vissuto, di permettere cio\u00e8 che, attraverso questo momento storico, Dio trasformi i nostri criteri abituali di interpretazione del mondo e della realt\u00e0. Non possiamo pi\u00f9 pensare solo a preservare lo spazio dei nostri interessi personali o nazionali, ma dobbiamo pensarci alla luce del bene comune, con un senso comunitario, ovvero come un \u201cnoi\u201d aperto alla fraternit\u00e0 universale. Non possiamo perseguire solo la protezione di noi stessi, ma \u00e8 l\u2019ora di impegnarci tutti per la guarigione della nostra societ\u00e0 e del nostro pianeta, creando le basi per un mondo pi\u00f9 giusto e pacifico, seriamente impegnato alla ricerca di un bene che sia davvero comune.<\/p>\n<p>Per fare questo e vivere in modo migliore dopo l\u2019emergenza del Covid-19, non si pu\u00f2 ignorare un dato fondamentale: le tante crisi morali, sociali, politiche ed economiche che stiamo vivendo sono tutte interconnesse, e quelli che guardiamo come singoli problemi sono in realt\u00e0 uno la causa o la conseguenza dell\u2019altro. E allora, siamo chiamati a far fronte alle sfide del nostro mondo con responsabilit\u00e0 e compassione. Dobbiamo rivisitare il tema della garanzia della salute pubblica per tutti; promuovere azioni di pace per mettere fine ai conflitti e alle guerre che continuano a generare vittime e povert\u00e0; prenderci cura in maniera concertata della nostra casa comune e attuare chiare ed efficaci misure per far fronte al cambiamento climatico; combattere il virus delle disuguaglianze e garantire il cibo e un lavoro dignitoso per tutti, sostenendo quanti non hanno neppure un salario minimo e sono in grande difficolt\u00e0. Lo scandalo dei popoli affamati ci ferisce. Abbiamo bisogno di sviluppare, con politiche adeguate, l\u2019accoglienza e l\u2019integrazione, in particolare nei confronti dei migranti e di coloro che vivono come scartati nelle nostre societ\u00e0. Solo spendendoci in queste situazioni, con un desiderio altruista ispirato all\u2019amore infinito e misericordioso di Dio, potremo costruire un mondo nuovo e contribuire a edificare il Regno di Dio, che \u00e8 Regno di amore, di giustizia e di pace.<\/p>\n<p>Nel condividere queste riflessioni, auspico che nel nuovo anno possiamo camminare insieme facendo tesoro di quanto la storia ci pu\u00f2 insegnare. Formulo i migliori voti ai Capi di Stato e di Governo, ai Responsabili delle Organizzazioni internazionali, ai\u00a0<i>Leaders<\/i>\u00a0delle diverse religioni. A tutti gli uomini e le donne di buona volont\u00e0 auguro di costruire giorno per giorno, come artigiani di pace, un buon anno! Maria Immacolata, Madre di Ges\u00f9 e Regina della Pace, interceda per noi e per il mondo intero.<\/p>\n<p><i>Dal Vaticano, 8 dicembre 2022<\/i><\/p>\n<p>Francesco<\/p>\n","protected":false},"excerpt":{"rendered":"<p>\u00abRiguardo poi ai tempi e ai momenti, fratelli, non avete bisogno che ve ne scriva; infatti sapete bene che il giorno del Signore verr\u00e0 come un<span class=\"excerpt-hellip\"> [\u2026]<\/span><\/p>\n","protected":false},"author":4,"featured_media":5971,"comment_status":"open","ping_status":"open","sticky":false,"template":"","format":"standard","meta":{"footnotes":""},"categories":[31],"tags":[],"class_list":["post-5970","post","type-post","status-publish","format-standard","has-post-thumbnail","hentry","category-in-evidenza"],"yoast_head":"<!-- This site is optimized with the Yoast SEO plugin v27.1.1 - https:\/\/yoast.com\/product\/yoast-seo-wordpress\/ -->\n<title>56\u00b0 GIORNATA MONDIALE PER LA PACE - Suore Francescane Minime del Sacro Cuore<\/title>\n<meta name=\"robots\" content=\"index, follow, max-snippet:-1, max-image-preview:large, max-video-preview:-1\" \/>\n<link rel=\"canonical\" href=\"https:\/\/www.suoreminime.com\/it\/56-giornata-mondiale-per-la-pace\/\" \/>\n<meta property=\"og:locale\" content=\"it_IT\" \/>\n<meta property=\"og:type\" content=\"article\" \/>\n<meta property=\"og:title\" content=\"56\u00b0 GIORNATA MONDIALE PER LA PACE - Suore Francescane Minime del Sacro Cuore\" \/>\n<meta property=\"og:description\" content=\"\u00abRiguardo poi ai tempi e ai momenti, fratelli, non avete bisogno che ve ne scriva; infatti sapete bene che il giorno del Signore verr\u00e0 come un [\u2026]\" \/>\n<meta property=\"og:url\" content=\"https:\/\/www.suoreminime.com\/it\/56-giornata-mondiale-per-la-pace\/\" \/>\n<meta property=\"og:site_name\" content=\"Suore Francescane Minime del Sacro Cuore\" \/>\n<meta property=\"article:published_time\" content=\"2022-12-29T21:15:34+00:00\" \/>\n<meta property=\"og:image\" content=\"https:\/\/www.suoreminime.com\/wp-content\/uploads\/2022\/12\/cq5dam.web_.1280.1280.jpeg\" \/>\n\t<meta property=\"og:image:width\" content=\"1138\" \/>\n\t<meta property=\"og:image:height\" content=\"1280\" \/>\n\t<meta property=\"og:image:type\" content=\"image\/jpeg\" \/>\n<meta name=\"author\" content=\"Sr. Adelina Greco\" \/>\n<meta name=\"twitter:card\" content=\"summary_large_image\" \/>\n<meta name=\"twitter:label1\" content=\"Scritto da\" \/>\n\t<meta name=\"twitter:data1\" content=\"Sr. Adelina Greco\" \/>\n\t<meta name=\"twitter:label2\" content=\"Tempo di lettura stimato\" \/>\n\t<meta name=\"twitter:data2\" content=\"9 minuti\" \/>\n<script type=\"application\/ld+json\" class=\"yoast-schema-graph\">{\"@context\":\"https:\/\/schema.org\",\"@graph\":[{\"@type\":\"Article\",\"@id\":\"https:\/\/www.suoreminime.com\/it\/56-giornata-mondiale-per-la-pace\/#article\",\"isPartOf\":{\"@id\":\"https:\/\/www.suoreminime.com\/it\/56-giornata-mondiale-per-la-pace\/\"},\"author\":{\"name\":\"Sr. Adelina Greco\",\"@id\":\"https:\/\/www.suoreminime.com\/it\/#\/schema\/person\/7b25a7d38348f7dc836a568e7e112aad\"},\"headline\":\"56\u00b0 GIORNATA MONDIALE PER LA PACE\",\"datePublished\":\"2022-12-29T21:15:34+00:00\",\"mainEntityOfPage\":{\"@id\":\"https:\/\/www.suoreminime.com\/it\/56-giornata-mondiale-per-la-pace\/\"},\"wordCount\":1550,\"commentCount\":0,\"image\":{\"@id\":\"https:\/\/www.suoreminime.com\/it\/56-giornata-mondiale-per-la-pace\/#primaryimage\"},\"thumbnailUrl\":\"https:\/\/www.suoreminime.com\/wp-content\/uploads\/2022\/12\/cq5dam.web_.1280.1280.jpeg\",\"articleSection\":[\"In Evidenza\"],\"inLanguage\":\"it-IT\",\"potentialAction\":[{\"@type\":\"CommentAction\",\"name\":\"Comment\",\"target\":[\"https:\/\/www.suoreminime.com\/it\/56-giornata-mondiale-per-la-pace\/#respond\"]}]},{\"@type\":\"WebPage\",\"@id\":\"https:\/\/www.suoreminime.com\/it\/56-giornata-mondiale-per-la-pace\/\",\"url\":\"https:\/\/www.suoreminime.com\/it\/56-giornata-mondiale-per-la-pace\/\",\"name\":\"56\u00b0 GIORNATA MONDIALE PER LA PACE - Suore Francescane Minime del Sacro Cuore\",\"isPartOf\":{\"@id\":\"https:\/\/www.suoreminime.com\/it\/#website\"},\"primaryImageOfPage\":{\"@id\":\"https:\/\/www.suoreminime.com\/it\/56-giornata-mondiale-per-la-pace\/#primaryimage\"},\"image\":{\"@id\":\"https:\/\/www.suoreminime.com\/it\/56-giornata-mondiale-per-la-pace\/#primaryimage\"},\"thumbnailUrl\":\"https:\/\/www.suoreminime.com\/wp-content\/uploads\/2022\/12\/cq5dam.web_.1280.1280.jpeg\",\"datePublished\":\"2022-12-29T21:15:34+00:00\",\"author\":{\"@id\":\"https:\/\/www.suoreminime.com\/it\/#\/schema\/person\/7b25a7d38348f7dc836a568e7e112aad\"},\"breadcrumb\":{\"@id\":\"https:\/\/www.suoreminime.com\/it\/56-giornata-mondiale-per-la-pace\/#breadcrumb\"},\"inLanguage\":\"it-IT\",\"potentialAction\":[{\"@type\":\"ReadAction\",\"target\":[\"https:\/\/www.suoreminime.com\/it\/56-giornata-mondiale-per-la-pace\/\"]}]},{\"@type\":\"ImageObject\",\"inLanguage\":\"it-IT\",\"@id\":\"https:\/\/www.suoreminime.com\/it\/56-giornata-mondiale-per-la-pace\/#primaryimage\",\"url\":\"https:\/\/www.suoreminime.com\/wp-content\/uploads\/2022\/12\/cq5dam.web_.1280.1280.jpeg\",\"contentUrl\":\"https:\/\/www.suoreminime.com\/wp-content\/uploads\/2022\/12\/cq5dam.web_.1280.1280.jpeg\",\"width\":1138,\"height\":1280},{\"@type\":\"BreadcrumbList\",\"@id\":\"https:\/\/www.suoreminime.com\/it\/56-giornata-mondiale-per-la-pace\/#breadcrumb\",\"itemListElement\":[{\"@type\":\"ListItem\",\"position\":1,\"name\":\"Home\",\"item\":\"https:\/\/www.suoreminime.com\/it\/\"},{\"@type\":\"ListItem\",\"position\":2,\"name\":\"56\u00b0 GIORNATA MONDIALE PER LA PACE\"}]},{\"@type\":\"WebSite\",\"@id\":\"https:\/\/www.suoreminime.com\/it\/#website\",\"url\":\"https:\/\/www.suoreminime.com\/it\/\",\"name\":\"Suore Francescane Minime del Sacro Cuore\",\"description\":\"Un nuovo sito targato WordPress\",\"potentialAction\":[{\"@type\":\"SearchAction\",\"target\":{\"@type\":\"EntryPoint\",\"urlTemplate\":\"https:\/\/www.suoreminime.com\/it\/?s={search_term_string}\"},\"query-input\":{\"@type\":\"PropertyValueSpecification\",\"valueRequired\":true,\"valueName\":\"search_term_string\"}}],\"inLanguage\":\"it-IT\"},{\"@type\":\"Person\",\"@id\":\"https:\/\/www.suoreminime.com\/it\/#\/schema\/person\/7b25a7d38348f7dc836a568e7e112aad\",\"name\":\"Sr. Adelina Greco\",\"image\":{\"@type\":\"ImageObject\",\"inLanguage\":\"it-IT\",\"@id\":\"https:\/\/www.suoreminime.com\/it\/#\/schema\/person\/image\/\",\"url\":\"https:\/\/secure.gravatar.com\/avatar\/7b23fea63e27705dcd2acdea53dd762c111cb640ffd2984207c4a5d27f005a1c?s=96&d=mm&r=g\",\"contentUrl\":\"https:\/\/secure.gravatar.com\/avatar\/7b23fea63e27705dcd2acdea53dd762c111cb640ffd2984207c4a5d27f005a1c?s=96&d=mm&r=g\",\"caption\":\"Sr. Adelina Greco\"},\"url\":\"https:\/\/www.suoreminime.com\/it\/author\/sr-adelina\/\"}]}<\/script>\n<!-- \/ Yoast SEO plugin. -->","yoast_head_json":{"title":"56\u00b0 GIORNATA MONDIALE PER LA PACE - Suore Francescane Minime del Sacro Cuore","robots":{"index":"index","follow":"follow","max-snippet":"max-snippet:-1","max-image-preview":"max-image-preview:large","max-video-preview":"max-video-preview:-1"},"canonical":"https:\/\/www.suoreminime.com\/it\/56-giornata-mondiale-per-la-pace\/","og_locale":"it_IT","og_type":"article","og_title":"56\u00b0 GIORNATA MONDIALE PER LA PACE - Suore Francescane Minime del Sacro Cuore","og_description":"\u00abRiguardo poi ai tempi e ai momenti, fratelli, non avete bisogno che ve ne scriva; infatti sapete bene che il giorno del Signore verr\u00e0 come un [\u2026]","og_url":"https:\/\/www.suoreminime.com\/it\/56-giornata-mondiale-per-la-pace\/","og_site_name":"Suore Francescane Minime del Sacro Cuore","article_published_time":"2022-12-29T21:15:34+00:00","og_image":[{"width":1138,"height":1280,"url":"https:\/\/www.suoreminime.com\/wp-content\/uploads\/2022\/12\/cq5dam.web_.1280.1280.jpeg","type":"image\/jpeg"}],"author":"Sr. Adelina Greco","twitter_card":"summary_large_image","twitter_misc":{"Scritto da":"Sr. Adelina Greco","Tempo di lettura stimato":"9 minuti"},"schema":{"@context":"https:\/\/schema.org","@graph":[{"@type":"Article","@id":"https:\/\/www.suoreminime.com\/it\/56-giornata-mondiale-per-la-pace\/#article","isPartOf":{"@id":"https:\/\/www.suoreminime.com\/it\/56-giornata-mondiale-per-la-pace\/"},"author":{"name":"Sr. Adelina Greco","@id":"https:\/\/www.suoreminime.com\/it\/#\/schema\/person\/7b25a7d38348f7dc836a568e7e112aad"},"headline":"56\u00b0 GIORNATA MONDIALE PER LA PACE","datePublished":"2022-12-29T21:15:34+00:00","mainEntityOfPage":{"@id":"https:\/\/www.suoreminime.com\/it\/56-giornata-mondiale-per-la-pace\/"},"wordCount":1550,"commentCount":0,"image":{"@id":"https:\/\/www.suoreminime.com\/it\/56-giornata-mondiale-per-la-pace\/#primaryimage"},"thumbnailUrl":"https:\/\/www.suoreminime.com\/wp-content\/uploads\/2022\/12\/cq5dam.web_.1280.1280.jpeg","articleSection":["In Evidenza"],"inLanguage":"it-IT","potentialAction":[{"@type":"CommentAction","name":"Comment","target":["https:\/\/www.suoreminime.com\/it\/56-giornata-mondiale-per-la-pace\/#respond"]}]},{"@type":"WebPage","@id":"https:\/\/www.suoreminime.com\/it\/56-giornata-mondiale-per-la-pace\/","url":"https:\/\/www.suoreminime.com\/it\/56-giornata-mondiale-per-la-pace\/","name":"56\u00b0 GIORNATA MONDIALE PER LA PACE - Suore Francescane Minime del Sacro Cuore","isPartOf":{"@id":"https:\/\/www.suoreminime.com\/it\/#website"},"primaryImageOfPage":{"@id":"https:\/\/www.suoreminime.com\/it\/56-giornata-mondiale-per-la-pace\/#primaryimage"},"image":{"@id":"https:\/\/www.suoreminime.com\/it\/56-giornata-mondiale-per-la-pace\/#primaryimage"},"thumbnailUrl":"https:\/\/www.suoreminime.com\/wp-content\/uploads\/2022\/12\/cq5dam.web_.1280.1280.jpeg","datePublished":"2022-12-29T21:15:34+00:00","author":{"@id":"https:\/\/www.suoreminime.com\/it\/#\/schema\/person\/7b25a7d38348f7dc836a568e7e112aad"},"breadcrumb":{"@id":"https:\/\/www.suoreminime.com\/it\/56-giornata-mondiale-per-la-pace\/#breadcrumb"},"inLanguage":"it-IT","potentialAction":[{"@type":"ReadAction","target":["https:\/\/www.suoreminime.com\/it\/56-giornata-mondiale-per-la-pace\/"]}]},{"@type":"ImageObject","inLanguage":"it-IT","@id":"https:\/\/www.suoreminime.com\/it\/56-giornata-mondiale-per-la-pace\/#primaryimage","url":"https:\/\/www.suoreminime.com\/wp-content\/uploads\/2022\/12\/cq5dam.web_.1280.1280.jpeg","contentUrl":"https:\/\/www.suoreminime.com\/wp-content\/uploads\/2022\/12\/cq5dam.web_.1280.1280.jpeg","width":1138,"height":1280},{"@type":"BreadcrumbList","@id":"https:\/\/www.suoreminime.com\/it\/56-giornata-mondiale-per-la-pace\/#breadcrumb","itemListElement":[{"@type":"ListItem","position":1,"name":"Home","item":"https:\/\/www.suoreminime.com\/it\/"},{"@type":"ListItem","position":2,"name":"56\u00b0 GIORNATA MONDIALE PER LA PACE"}]},{"@type":"WebSite","@id":"https:\/\/www.suoreminime.com\/it\/#website","url":"https:\/\/www.suoreminime.com\/it\/","name":"Suore Francescane Minime del Sacro Cuore","description":"Un nuovo sito targato WordPress","potentialAction":[{"@type":"SearchAction","target":{"@type":"EntryPoint","urlTemplate":"https:\/\/www.suoreminime.com\/it\/?s={search_term_string}"},"query-input":{"@type":"PropertyValueSpecification","valueRequired":true,"valueName":"search_term_string"}}],"inLanguage":"it-IT"},{"@type":"Person","@id":"https:\/\/www.suoreminime.com\/it\/#\/schema\/person\/7b25a7d38348f7dc836a568e7e112aad","name":"Sr. Adelina Greco","image":{"@type":"ImageObject","inLanguage":"it-IT","@id":"https:\/\/www.suoreminime.com\/it\/#\/schema\/person\/image\/","url":"https:\/\/secure.gravatar.com\/avatar\/7b23fea63e27705dcd2acdea53dd762c111cb640ffd2984207c4a5d27f005a1c?s=96&d=mm&r=g","contentUrl":"https:\/\/secure.gravatar.com\/avatar\/7b23fea63e27705dcd2acdea53dd762c111cb640ffd2984207c4a5d27f005a1c?s=96&d=mm&r=g","caption":"Sr. Adelina Greco"},"url":"https:\/\/www.suoreminime.com\/it\/author\/sr-adelina\/"}]}},"_links":{"self":[{"href":"https:\/\/www.suoreminime.com\/it\/wp-json\/wp\/v2\/posts\/5970","targetHints":{"allow":["GET"]}}],"collection":[{"href":"https:\/\/www.suoreminime.com\/it\/wp-json\/wp\/v2\/posts"}],"about":[{"href":"https:\/\/www.suoreminime.com\/it\/wp-json\/wp\/v2\/types\/post"}],"author":[{"embeddable":true,"href":"https:\/\/www.suoreminime.com\/it\/wp-json\/wp\/v2\/users\/4"}],"replies":[{"embeddable":true,"href":"https:\/\/www.suoreminime.com\/it\/wp-json\/wp\/v2\/comments?post=5970"}],"version-history":[{"count":1,"href":"https:\/\/www.suoreminime.com\/it\/wp-json\/wp\/v2\/posts\/5970\/revisions"}],"predecessor-version":[{"id":5975,"href":"https:\/\/www.suoreminime.com\/it\/wp-json\/wp\/v2\/posts\/5970\/revisions\/5975"}],"wp:featuredmedia":[{"embeddable":true,"href":"https:\/\/www.suoreminime.com\/it\/wp-json\/wp\/v2\/media\/5971"}],"wp:attachment":[{"href":"https:\/\/www.suoreminime.com\/it\/wp-json\/wp\/v2\/media?parent=5970"}],"wp:term":[{"taxonomy":"category","embeddable":true,"href":"https:\/\/www.suoreminime.com\/it\/wp-json\/wp\/v2\/categories?post=5970"},{"taxonomy":"post_tag","embeddable":true,"href":"https:\/\/www.suoreminime.com\/it\/wp-json\/wp\/v2\/tags?post=5970"}],"curies":[{"name":"wp","href":"https:\/\/api.w.org\/{rel}","templated":true}]}}