{"id":5873,"date":"2022-05-08T11:32:18","date_gmt":"2022-05-08T09:32:18","guid":{"rendered":"https:\/\/www.suoreminime.com\/?p=5873"},"modified":"2022-05-08T11:32:18","modified_gmt":"2022-05-08T09:32:18","slug":"59-giornata-mondiale-di-preghiera-per-le-vocazioni","status":"publish","type":"post","link":"https:\/\/www.suoreminime.com\/it\/59-giornata-mondiale-di-preghiera-per-le-vocazioni\/","title":{"rendered":"59 GIORNATA MONDIALE DI PREGHIERA PER LE VOCAZIONI"},"content":{"rendered":"<p style=\"text-align: center; background: white;\" align=\"center\"><b><i><span style=\"font-size: 11.0pt; font-family: 'Tahoma','sans-serif'; color: black;\">Chiamati a edificare la famiglia umana<\/span><\/i><\/b><\/p>\n<p style=\"background: white;\"><span style=\"font-size: 11.0pt; font-family: 'Tahoma','sans-serif'; color: black;\">Cari fratelli e sorelle!<\/span><\/p>\n<p style=\"background: white;\"><span style=\"font-size: 11.0pt; font-family: 'Tahoma','sans-serif'; color: black;\">Mentre in questo nostro tempo soffiano ancora i venti gelidi della guerra e della sopraffazione e assistiamo spesso a fenomeni di polarizzazione, come Chiesa abbiamo avviato un processo sinodale: sentiamo l\u2019urgenza di camminare insieme coltivando le dimensioni dell\u2019ascolto, della partecipazione e della condivisione. Insieme a tutti gli uomini e le donne di buona volont\u00e0 vogliamo contribuire a\u00a0<i>edificare la famiglia umana<\/i>, a guarirne le ferite e a proiettarla verso un futuro migliore. In questa prospettiva, per la 59<sup>a<\/sup>\u00a0Giornata Mondiale di Preghiera per le Vocazioni, desidero riflettere con voi sull\u2019ampio significato della \u201cvocazione\u201d, nel contesto di una Chiesa sinodale che si pone in ascolto di Dio e del mondo.<\/span><\/p>\n<p style=\"background: white;\"><i><span style=\"font-size: 11.0pt; font-family: 'Tahoma','sans-serif'; color: black;\">Chiamati a essere tutti protagonisti della missione<\/span><\/i><\/p>\n<p style=\"background: white;\"><span style=\"font-size: 11.0pt; font-family: 'Tahoma','sans-serif'; color: black;\">La sinodalit\u00e0, il camminare insieme \u00e8 una vocazione fondamentale per la Chiesa, e solo in questo orizzonte \u00e8 possibile scoprire e valorizzare le diverse vocazioni, i carismi e i ministeri. Al tempo stesso, sappiamo che la Chiesa esiste per evangelizzare, uscendo da s\u00e9 stessa e spargendo il seme del Vangelo nella storia. Pertanto, tale missione \u00e8 possibile proprio mettendo in sinergia tutti gli ambiti pastorali e, prima ancora, coinvolgendo tutti i discepoli del Signore. Infatti, \u00abin virt\u00f9 del Battesimo ricevuto, ogni membro del Popolo di Dio \u00e8 diventato discepolo missionario (cfr\u00a0<i>Mt<\/i>\u00a028,19). Ciascun battezzato, qualunque sia la sua funzione nella Chiesa e il grado di istruzione della sua fede, \u00e8 un soggetto attivo di evangelizzazione\u00bb (Esort. ap.\u00a0<a href=\"https:\/\/www.vatican.va\/content\/francesco\/it\/apost_exhortations\/documents\/papa-francesco_esortazione-ap_20131124_evangelii-gaudium.html#Tutti_siamo_discepoli_missionari_\"><i><span style=\"color: #663300;\">Evangelii gaudium<\/span><\/i><span style=\"color: #663300;\">, 120<\/span><\/a>).\u00a0Bisogna guardarsi dalla mentalit\u00e0 che separa preti e laici, considerando protagonisti i primi ed esecutori i secondi, e portare avanti la missione cristiana come unico Popolo di Dio, laici e pastori insieme. Tutta la Chiesa \u00e8 comunit\u00e0 evangelizzatrice.<\/span><\/p>\n<p style=\"background: white;\"><i><span style=\"font-size: 11.0pt; font-family: 'Tahoma','sans-serif'; color: black;\">Chiamati a essere custodi gli uni degli altri e del creato<\/span><\/i><\/p>\n<p style=\"background: white;\"><span style=\"font-size: 11.0pt; font-family: 'Tahoma','sans-serif'; color: black;\">La parola \u201cvocazione\u201d non va intesa in senso restrittivo, riferendola solo a coloro che seguono il Signore sulla via di una particolare consacrazione. Tutti siamo chiamati a partecipare della missione di Cristo di riunire l\u2019umanit\u00e0 dispersa e di riconciliarla con Dio. Pi\u00f9 in generale, ogni persona umana, prima ancora di vivere l\u2019incontro con Cristo e abbracciare la fede cristiana, riceve con il dono della vita una chiamata fondamentale: ciascuno di noi \u00e8 una creatura voluta e amata da Dio, per la quale Egli ha avuto un pensiero unico e speciale, e questa scintilla divina, che abita il cuore di ogni uomo e di ogni donna, siamo chiamati a svilupparla nel corso della nostra vita, contribuendo a far crescere un\u2019umanit\u00e0 animata dall\u2019amore e dall\u2019accoglienza reciproca. Siamo chiamati a essere custodi gli uni degli altri, a costruire legami di concordia e di condivisione, a curare le ferite del creato perch\u00e9 non venga distrutta la sua bellezza. Insomma, a diventare un\u2019unica famiglia nella meravigliosa casa comune del creato, nell\u2019armonica variet\u00e0 dei suoi elementi. In questo senso ampio, non solo i singoli, ma anche i popoli, le comunit\u00e0 e le aggregazioni di vario genere hanno una \u201cvocazione\u201d.<\/span><\/p>\n<p style=\"background: white;\"><i><span style=\"font-size: 11.0pt; font-family: 'Tahoma','sans-serif'; color: black;\">Chiamati ad accogliere lo sguardo di Dio<\/span><\/i><\/p>\n<p style=\"background: white;\"><span style=\"font-size: 11.0pt; font-family: 'Tahoma','sans-serif'; color: black;\">In questa grande vocazione comune, si inserisce la chiamata pi\u00f9 particolare che Dio ci rivolge, raggiungendo la nostra esistenza con il suo Amore e orientandola alla sua meta ultima, a una pienezza che supera persino la soglia della morte. Cos\u00ec Dio ha voluto guardare e guarda alla nostra vita.<\/span><\/p>\n<p style=\"background: white;\"><span style=\"font-size: 11.0pt; font-family: 'Tahoma','sans-serif'; color: black;\">Si attribuiscono a Michelangelo Buonarroti\u00a0queste parole: \u00abOgni blocco di pietra ha al suo interno una statua ed \u00e8 compito dello scultore scoprirla\u00bb. Se questo pu\u00f2 essere lo sguardo dell\u2019artista, molto pi\u00f9 Dio ci guarda cos\u00ec: in quella ragazza di Nazaret ha visto la Madre di Dio; nel pescatore Simone figlio di Giona ha visto Pietro, la roccia sulla quale edificare la sua Chiesa; nel pubblicano Levi ha ravvisato l\u2019apostolo ed evangelista Matteo; in Saulo, duro persecutore dei cristiani, ha visto Paolo, l\u2019apostolo delle genti. Sempre il suo sguardo d\u2019amore ci raggiunge, ci tocca, ci libera e ci trasforma facendoci diventare persone nuove.<\/span><\/p>\n<p style=\"background: white;\"><span style=\"font-size: 11.0pt; font-family: 'Tahoma','sans-serif'; color: black;\">Questa \u00e8 la dinamica di ogni vocazione: siamo raggiunti dallo sguardo di Dio, che ci chiama. La vocazione, come d\u2019altronde la santit\u00e0, non \u00e8 un\u2019esperienza straordinaria riservata a pochi. Come esiste la \u201csantit\u00e0 della porta accanto\u201d (cfr Esort. ap.\u00a0<a href=\"https:\/\/www.vatican.va\/content\/francesco\/it\/apost_exhortations\/documents\/papa-francesco_esortazione-ap_20180319_gaudete-et-exsultate.html#I_santi_della_porta_accanto\"><i><span style=\"color: #663300;\">Gaudete et exsultate<\/span><\/i><span style=\"color: #663300;\">, 6-9<\/span><\/a>), cos\u00ec anche la vocazione \u00e8 per tutti, perch\u00e9 tutti sono guardati e chiamati da Dio.<\/span><\/p>\n<p style=\"background: white;\"><span style=\"font-size: 11.0pt; font-family: 'Tahoma','sans-serif'; color: black;\">Dice un proverbio dell\u2019Estremo Oriente: \u00abUn sapiente, guardando l\u2019uovo, sa vedere l\u2019aquila; guardando il seme intravvede un grande albero; guardando un peccatore sa intravvedere un santo\u00bb. Cos\u00ec ci guarda Dio: in ciascuno di noi vede delle potenzialit\u00e0, talvolta ignote a noi stessi, e durante tutta la nostra vita opera instancabilmente perch\u00e9 possiamo metterle a servizio del bene comune.<\/span><\/p>\n<p style=\"background: white;\"><span style=\"font-size: 11.0pt; font-family: 'Tahoma','sans-serif'; color: black;\">La vocazione nasce cos\u00ec, grazie all\u2019arte del divino Scultore che, con le sue \u201cmani\u201d ci fa uscire da noi stessi, perch\u00e9 si stagli in noi quel capolavoro che siamo chiamati a essere. In particolare, la Parola di Dio, che ci libera dall\u2019egocentrismo, \u00e8 capace di purificarci, illuminarci e ricrearci. Mettiamoci allora in ascolto della Parola, per aprirci alla vocazione che Dio ci affida! E impariamo ad ascoltare anche i fratelli e le sorelle nella fede, perch\u00e9 nei loro consigli e nel loro esempio pu\u00f2 nascondersi l\u2019iniziativa di Dio, che ci indica strade sempre nuove da percorrere.<\/span><\/p>\n<p style=\"background: white;\"><i><span style=\"font-size: 11.0pt; font-family: 'Tahoma','sans-serif'; color: black;\">Chiamati a rispondere allo sguardo di Dio<\/span><\/i><\/p>\n<p style=\"background: white;\"><span style=\"font-size: 11.0pt; font-family: 'Tahoma','sans-serif'; color: black;\">Lo sguardo amorevole e creativo di Dio ci ha raggiunti in modo del tutto singolare in Ges\u00f9. Parlando del giovane ricco, l\u2019evangelista Marco annota: \u00abGes\u00f9 fiss\u00f2 lo sguardo su di lui, lo am\u00f2\u00bb (10,21). Su ciascuno e ciascuna di noi si posa questo sguardo di Ges\u00f9 pieno di amore. Fratelli e sorelle, lasciamoci toccare da questo sguardo e lasciamoci portare da Lui oltre noi stessi! E impariamo a guardarci anche l\u2019un altro in modo che le persone con cui viviamo e che incontriamo \u2013 chiunque esse siano \u2013 possano sentirsi accolte e scoprire che c\u2019\u00e8 Qualcuno che le guarda con amore e le invita a sviluppare tutte le loro potenzialit\u00e0.<\/span><\/p>\n<p style=\"background: white;\"><span style=\"font-size: 11.0pt; font-family: 'Tahoma','sans-serif'; color: black;\">La nostra vita cambia, quando accogliamo questo sguardo. Tutto diventa un dialogo vocazionale, tra noi e il Signore, ma anche tra noi e gli altri. Un dialogo che, vissuto in profondit\u00e0, ci fa\u00a0<i>diventare sempre pi\u00f9 quelli che siamo<\/i>: nella vocazione al sacerdozio ordinato, per essere strumento della grazia e della misericordia di Cristo; nella vocazione alla vita consacrata, per essere lode di Dio e profezia di nuova umanit\u00e0; nella vocazione al matrimonio, per essere dono reciproco e generatori ed educatori della vita. In generale, in ogni vocazione e ministero nella Chiesa, che ci chiama a guardare gli altri e il mondo con gli occhi di Dio, per servire il bene e diffondere l\u2019amore, con le opere e con le parole.<\/span><\/p>\n<p style=\"background: white;\"><span style=\"font-size: 11.0pt; font-family: 'Tahoma','sans-serif'; color: black;\">Vorrei qui menzionare, al riguardo, l\u2019esperienza del dott. Jos\u00e9 Gregorio Hern\u00e1ndez Cisneros. Mentre lavorava come medico a Caracas in Venezuela, volle farsi terziario francescano. Pi\u00f9 tardi, pens\u00f2 di diventare monaco e sacerdote, ma la salute non glielo permise. Comprese allora che la sua chiamata era proprio la professione medica, nella quale egli si spese in particolare per i poveri.\u00a0 Allora, si dedic\u00f2 senza riserve agli ammalati colpiti dall\u2019epidemia di influenza detta \u201cspagnola\u201d, che allora dilagava nel mondo. Mor\u00ec investito da un\u2019automobile, mentre usciva da una farmacia dove aveva procurato medicine per una sua anziana paziente. Testimone esemplare di cosa vuol dire accogliere la chiamata del Signore e aderirvi in pienezza, \u00e8 stato beatificato un anno fa.<\/span><\/p>\n<p style=\"background: white;\"><i><span style=\"font-size: 11.0pt; font-family: 'Tahoma','sans-serif'; color: black;\">Convocati per edificare un mondo fraterno<\/span><\/i><\/p>\n<p style=\"background: white;\"><span style=\"font-size: 11.0pt; font-family: 'Tahoma','sans-serif'; color: black;\">Come cristiani, siamo non solo chiamati, cio\u00e8 interpellati ognuno personalmente da una vocazione, ma anche\u00a0<i>con-vocati<\/i>. Siamo come le tessere di un mosaico, belle gi\u00e0 se prese ad una ad una, ma che solo insieme compongono un\u2019immagine. Brilliamo, ciascuno e ciascuna, come una stella nel cuore di Dio e nel firmamento dell\u2019universo, ma siamo chiamati a comporre delle costellazioni che orientino e rischiarino il cammino dell\u2019umanit\u00e0, a partire dall\u2019ambiente in cui viviamo. Questo \u00e8 il mistero della Chiesa: nella convivialit\u00e0 delle differenze, essa \u00e8 segno e strumento di ci\u00f2 a cui l\u2019intera umanit\u00e0 \u00e8 chiamata. Per questo la Chiesa deve diventare sempre pi\u00f9 sinodale: capace di camminare unita nell\u2019armonia delle diversit\u00e0, in cui tutti hanno un loro apporto da dare e possono partecipare attivamente.<\/span><\/p>\n<p style=\"background: white;\"><span style=\"font-size: 11.0pt; font-family: 'Tahoma','sans-serif'; color: black;\">Quando parliamo di \u201cvocazione\u201d, pertanto, si tratta non solo di scegliere questa o quella forma di vita, di votare la propria esistenza a un determinato ministero o di seguire il fascino del carisma di una famiglia religiosa o di un movimento o di una comunit\u00e0 ecclesiale; si tratta di realizzare il sogno di Dio, il grande disegno della fraternit\u00e0 che Ges\u00f9 aveva nel cuore quando ha pregato il Padre: \u00abChe tutti siano una cosa sola\u00bb (<i>Gv\u00a0<\/i>17,21). Ogni vocazione nella Chiesa, e in senso ampio anche nella societ\u00e0, concorre a un obiettivo comune: far risuonare tra gli uomini e le donne quell\u2019armonia dei molti e differenti doni che solo lo Spirito Santo sa realizzare. Sacerdoti, consacrate e consacrati, fedeli laici camminiamo e lavoriamo insieme, per testimoniare che una grande famiglia umana unita nell\u2019amore non \u00e8 un\u2019utopia, ma \u00e8 il progetto per il quale Dio ci ha creati.<\/span><\/p>\n<p style=\"background: white;\"><span style=\"font-size: 11.0pt; font-family: 'Tahoma','sans-serif'; color: black;\">Preghiamo, fratelli e sorelle, perch\u00e9 il Popolo di Dio, in mezzo alle vicende drammatiche della storia, risponda sempre pi\u00f9 a questa chiamata. Invochiamo la luce dello Spirito Santo, affinch\u00e9 ciascuno e ciascuna di noi possa trovare il proprio posto e dare il meglio di s\u00e9 in questo grande disegno!<\/span><\/p>\n<p style=\"background: white;\"><i><span style=\"font-size: 11.0pt; font-family: 'Tahoma','sans-serif'; color: black;\">Roma, San Giovanni in Laterano, 8 maggio 2022, IV Domenica di Pasqua.<\/span><\/i><\/p>\n<p style=\"text-align: center; background: white;\" align=\"center\"><span style=\"font-size: 11.0pt; font-family: 'Tahoma','sans-serif'; color: black;\">FRANCESCO<\/span><\/p>\n","protected":false},"excerpt":{"rendered":"<p>Chiamati a edificare la famiglia umana Cari fratelli e sorelle! Mentre in questo nostro tempo soffiano ancora i venti gelidi della guerra e della sopraffazione e<span class=\"excerpt-hellip\"> [\u2026]<\/span><\/p>\n","protected":false},"author":4,"featured_media":5874,"comment_status":"open","ping_status":"open","sticky":false,"template":"","format":"standard","meta":{"footnotes":""},"categories":[31],"tags":[],"class_list":["post-5873","post","type-post","status-publish","format-standard","has-post-thumbnail","hentry","category-in-evidenza"],"yoast_head":"<!-- This site is optimized with the Yoast SEO plugin v27.1.1 - https:\/\/yoast.com\/product\/yoast-seo-wordpress\/ -->\n<title>59 GIORNATA MONDIALE DI PREGHIERA PER LE VOCAZIONI - Suore Francescane Minime del Sacro Cuore<\/title>\n<meta name=\"robots\" content=\"index, follow, max-snippet:-1, max-image-preview:large, max-video-preview:-1\" \/>\n<link rel=\"canonical\" href=\"https:\/\/www.suoreminime.com\/it\/59-giornata-mondiale-di-preghiera-per-le-vocazioni\/\" \/>\n<meta property=\"og:locale\" content=\"it_IT\" \/>\n<meta property=\"og:type\" content=\"article\" \/>\n<meta property=\"og:title\" content=\"59 GIORNATA MONDIALE DI PREGHIERA PER LE VOCAZIONI - Suore Francescane Minime del Sacro Cuore\" \/>\n<meta property=\"og:description\" content=\"Chiamati a edificare la famiglia umana Cari fratelli e sorelle! Mentre in questo nostro tempo soffiano ancora i venti gelidi della guerra e della sopraffazione e [\u2026]\" \/>\n<meta property=\"og:url\" content=\"https:\/\/www.suoreminime.com\/it\/59-giornata-mondiale-di-preghiera-per-le-vocazioni\/\" \/>\n<meta property=\"og:site_name\" content=\"Suore Francescane Minime del Sacro Cuore\" \/>\n<meta property=\"article:published_time\" content=\"2022-05-08T09:32:18+00:00\" \/>\n<meta property=\"og:image\" content=\"https:\/\/www.suoreminime.com\/wp-content\/uploads\/2022\/05\/fare-la-storia.jpg\" \/>\n\t<meta property=\"og:image:width\" content=\"800\" \/>\n\t<meta property=\"og:image:height\" content=\"450\" \/>\n\t<meta property=\"og:image:type\" content=\"image\/jpeg\" \/>\n<meta name=\"author\" content=\"Sr. Adelina Greco\" \/>\n<meta name=\"twitter:card\" content=\"summary_large_image\" \/>\n<meta name=\"twitter:label1\" content=\"Scritto da\" \/>\n\t<meta name=\"twitter:data1\" content=\"Sr. Adelina Greco\" \/>\n\t<meta name=\"twitter:label2\" content=\"Tempo di lettura stimato\" \/>\n\t<meta name=\"twitter:data2\" content=\"9 minuti\" \/>\n<script type=\"application\/ld+json\" class=\"yoast-schema-graph\">{\"@context\":\"https:\/\/schema.org\",\"@graph\":[{\"@type\":\"Article\",\"@id\":\"https:\/\/www.suoreminime.com\/it\/59-giornata-mondiale-di-preghiera-per-le-vocazioni\/#article\",\"isPartOf\":{\"@id\":\"https:\/\/www.suoreminime.com\/it\/59-giornata-mondiale-di-preghiera-per-le-vocazioni\/\"},\"author\":{\"name\":\"Sr. Adelina Greco\",\"@id\":\"https:\/\/www.suoreminime.com\/it\/#\/schema\/person\/7b25a7d38348f7dc836a568e7e112aad\"},\"headline\":\"59 GIORNATA MONDIALE DI PREGHIERA PER LE VOCAZIONI\",\"datePublished\":\"2022-05-08T09:32:18+00:00\",\"mainEntityOfPage\":{\"@id\":\"https:\/\/www.suoreminime.com\/it\/59-giornata-mondiale-di-preghiera-per-le-vocazioni\/\"},\"wordCount\":1572,\"commentCount\":0,\"image\":{\"@id\":\"https:\/\/www.suoreminime.com\/it\/59-giornata-mondiale-di-preghiera-per-le-vocazioni\/#primaryimage\"},\"thumbnailUrl\":\"https:\/\/www.suoreminime.com\/wp-content\/uploads\/2022\/05\/fare-la-storia.jpg\",\"articleSection\":[\"In Evidenza\"],\"inLanguage\":\"it-IT\",\"potentialAction\":[{\"@type\":\"CommentAction\",\"name\":\"Comment\",\"target\":[\"https:\/\/www.suoreminime.com\/it\/59-giornata-mondiale-di-preghiera-per-le-vocazioni\/#respond\"]}]},{\"@type\":\"WebPage\",\"@id\":\"https:\/\/www.suoreminime.com\/it\/59-giornata-mondiale-di-preghiera-per-le-vocazioni\/\",\"url\":\"https:\/\/www.suoreminime.com\/it\/59-giornata-mondiale-di-preghiera-per-le-vocazioni\/\",\"name\":\"59 GIORNATA MONDIALE DI PREGHIERA PER LE VOCAZIONI - Suore Francescane Minime del Sacro Cuore\",\"isPartOf\":{\"@id\":\"https:\/\/www.suoreminime.com\/it\/#website\"},\"primaryImageOfPage\":{\"@id\":\"https:\/\/www.suoreminime.com\/it\/59-giornata-mondiale-di-preghiera-per-le-vocazioni\/#primaryimage\"},\"image\":{\"@id\":\"https:\/\/www.suoreminime.com\/it\/59-giornata-mondiale-di-preghiera-per-le-vocazioni\/#primaryimage\"},\"thumbnailUrl\":\"https:\/\/www.suoreminime.com\/wp-content\/uploads\/2022\/05\/fare-la-storia.jpg\",\"datePublished\":\"2022-05-08T09:32:18+00:00\",\"author\":{\"@id\":\"https:\/\/www.suoreminime.com\/it\/#\/schema\/person\/7b25a7d38348f7dc836a568e7e112aad\"},\"breadcrumb\":{\"@id\":\"https:\/\/www.suoreminime.com\/it\/59-giornata-mondiale-di-preghiera-per-le-vocazioni\/#breadcrumb\"},\"inLanguage\":\"it-IT\",\"potentialAction\":[{\"@type\":\"ReadAction\",\"target\":[\"https:\/\/www.suoreminime.com\/it\/59-giornata-mondiale-di-preghiera-per-le-vocazioni\/\"]}]},{\"@type\":\"ImageObject\",\"inLanguage\":\"it-IT\",\"@id\":\"https:\/\/www.suoreminime.com\/it\/59-giornata-mondiale-di-preghiera-per-le-vocazioni\/#primaryimage\",\"url\":\"https:\/\/www.suoreminime.com\/wp-content\/uploads\/2022\/05\/fare-la-storia.jpg\",\"contentUrl\":\"https:\/\/www.suoreminime.com\/wp-content\/uploads\/2022\/05\/fare-la-storia.jpg\",\"width\":800,\"height\":450},{\"@type\":\"BreadcrumbList\",\"@id\":\"https:\/\/www.suoreminime.com\/it\/59-giornata-mondiale-di-preghiera-per-le-vocazioni\/#breadcrumb\",\"itemListElement\":[{\"@type\":\"ListItem\",\"position\":1,\"name\":\"Home\",\"item\":\"https:\/\/www.suoreminime.com\/it\/\"},{\"@type\":\"ListItem\",\"position\":2,\"name\":\"59 GIORNATA MONDIALE DI PREGHIERA PER LE VOCAZIONI\"}]},{\"@type\":\"WebSite\",\"@id\":\"https:\/\/www.suoreminime.com\/it\/#website\",\"url\":\"https:\/\/www.suoreminime.com\/it\/\",\"name\":\"Suore Francescane Minime del Sacro Cuore\",\"description\":\"Un nuovo sito targato WordPress\",\"potentialAction\":[{\"@type\":\"SearchAction\",\"target\":{\"@type\":\"EntryPoint\",\"urlTemplate\":\"https:\/\/www.suoreminime.com\/it\/?s={search_term_string}\"},\"query-input\":{\"@type\":\"PropertyValueSpecification\",\"valueRequired\":true,\"valueName\":\"search_term_string\"}}],\"inLanguage\":\"it-IT\"},{\"@type\":\"Person\",\"@id\":\"https:\/\/www.suoreminime.com\/it\/#\/schema\/person\/7b25a7d38348f7dc836a568e7e112aad\",\"name\":\"Sr. Adelina Greco\",\"image\":{\"@type\":\"ImageObject\",\"inLanguage\":\"it-IT\",\"@id\":\"https:\/\/www.suoreminime.com\/it\/#\/schema\/person\/image\/\",\"url\":\"https:\/\/secure.gravatar.com\/avatar\/7b23fea63e27705dcd2acdea53dd762c111cb640ffd2984207c4a5d27f005a1c?s=96&d=mm&r=g\",\"contentUrl\":\"https:\/\/secure.gravatar.com\/avatar\/7b23fea63e27705dcd2acdea53dd762c111cb640ffd2984207c4a5d27f005a1c?s=96&d=mm&r=g\",\"caption\":\"Sr. Adelina Greco\"},\"url\":\"https:\/\/www.suoreminime.com\/it\/author\/sr-adelina\/\"}]}<\/script>\n<!-- \/ Yoast SEO plugin. -->","yoast_head_json":{"title":"59 GIORNATA MONDIALE DI PREGHIERA PER LE VOCAZIONI - Suore Francescane Minime del Sacro Cuore","robots":{"index":"index","follow":"follow","max-snippet":"max-snippet:-1","max-image-preview":"max-image-preview:large","max-video-preview":"max-video-preview:-1"},"canonical":"https:\/\/www.suoreminime.com\/it\/59-giornata-mondiale-di-preghiera-per-le-vocazioni\/","og_locale":"it_IT","og_type":"article","og_title":"59 GIORNATA MONDIALE DI PREGHIERA PER LE VOCAZIONI - Suore Francescane Minime del Sacro Cuore","og_description":"Chiamati a edificare la famiglia umana Cari fratelli e sorelle! Mentre in questo nostro tempo soffiano ancora i venti gelidi della guerra e della sopraffazione e [\u2026]","og_url":"https:\/\/www.suoreminime.com\/it\/59-giornata-mondiale-di-preghiera-per-le-vocazioni\/","og_site_name":"Suore Francescane Minime del Sacro Cuore","article_published_time":"2022-05-08T09:32:18+00:00","og_image":[{"width":800,"height":450,"url":"https:\/\/www.suoreminime.com\/wp-content\/uploads\/2022\/05\/fare-la-storia.jpg","type":"image\/jpeg"}],"author":"Sr. Adelina Greco","twitter_card":"summary_large_image","twitter_misc":{"Scritto da":"Sr. Adelina Greco","Tempo di lettura stimato":"9 minuti"},"schema":{"@context":"https:\/\/schema.org","@graph":[{"@type":"Article","@id":"https:\/\/www.suoreminime.com\/it\/59-giornata-mondiale-di-preghiera-per-le-vocazioni\/#article","isPartOf":{"@id":"https:\/\/www.suoreminime.com\/it\/59-giornata-mondiale-di-preghiera-per-le-vocazioni\/"},"author":{"name":"Sr. Adelina Greco","@id":"https:\/\/www.suoreminime.com\/it\/#\/schema\/person\/7b25a7d38348f7dc836a568e7e112aad"},"headline":"59 GIORNATA MONDIALE DI PREGHIERA PER LE VOCAZIONI","datePublished":"2022-05-08T09:32:18+00:00","mainEntityOfPage":{"@id":"https:\/\/www.suoreminime.com\/it\/59-giornata-mondiale-di-preghiera-per-le-vocazioni\/"},"wordCount":1572,"commentCount":0,"image":{"@id":"https:\/\/www.suoreminime.com\/it\/59-giornata-mondiale-di-preghiera-per-le-vocazioni\/#primaryimage"},"thumbnailUrl":"https:\/\/www.suoreminime.com\/wp-content\/uploads\/2022\/05\/fare-la-storia.jpg","articleSection":["In Evidenza"],"inLanguage":"it-IT","potentialAction":[{"@type":"CommentAction","name":"Comment","target":["https:\/\/www.suoreminime.com\/it\/59-giornata-mondiale-di-preghiera-per-le-vocazioni\/#respond"]}]},{"@type":"WebPage","@id":"https:\/\/www.suoreminime.com\/it\/59-giornata-mondiale-di-preghiera-per-le-vocazioni\/","url":"https:\/\/www.suoreminime.com\/it\/59-giornata-mondiale-di-preghiera-per-le-vocazioni\/","name":"59 GIORNATA MONDIALE DI PREGHIERA PER LE VOCAZIONI - Suore Francescane Minime del Sacro Cuore","isPartOf":{"@id":"https:\/\/www.suoreminime.com\/it\/#website"},"primaryImageOfPage":{"@id":"https:\/\/www.suoreminime.com\/it\/59-giornata-mondiale-di-preghiera-per-le-vocazioni\/#primaryimage"},"image":{"@id":"https:\/\/www.suoreminime.com\/it\/59-giornata-mondiale-di-preghiera-per-le-vocazioni\/#primaryimage"},"thumbnailUrl":"https:\/\/www.suoreminime.com\/wp-content\/uploads\/2022\/05\/fare-la-storia.jpg","datePublished":"2022-05-08T09:32:18+00:00","author":{"@id":"https:\/\/www.suoreminime.com\/it\/#\/schema\/person\/7b25a7d38348f7dc836a568e7e112aad"},"breadcrumb":{"@id":"https:\/\/www.suoreminime.com\/it\/59-giornata-mondiale-di-preghiera-per-le-vocazioni\/#breadcrumb"},"inLanguage":"it-IT","potentialAction":[{"@type":"ReadAction","target":["https:\/\/www.suoreminime.com\/it\/59-giornata-mondiale-di-preghiera-per-le-vocazioni\/"]}]},{"@type":"ImageObject","inLanguage":"it-IT","@id":"https:\/\/www.suoreminime.com\/it\/59-giornata-mondiale-di-preghiera-per-le-vocazioni\/#primaryimage","url":"https:\/\/www.suoreminime.com\/wp-content\/uploads\/2022\/05\/fare-la-storia.jpg","contentUrl":"https:\/\/www.suoreminime.com\/wp-content\/uploads\/2022\/05\/fare-la-storia.jpg","width":800,"height":450},{"@type":"BreadcrumbList","@id":"https:\/\/www.suoreminime.com\/it\/59-giornata-mondiale-di-preghiera-per-le-vocazioni\/#breadcrumb","itemListElement":[{"@type":"ListItem","position":1,"name":"Home","item":"https:\/\/www.suoreminime.com\/it\/"},{"@type":"ListItem","position":2,"name":"59 GIORNATA MONDIALE DI PREGHIERA PER LE VOCAZIONI"}]},{"@type":"WebSite","@id":"https:\/\/www.suoreminime.com\/it\/#website","url":"https:\/\/www.suoreminime.com\/it\/","name":"Suore Francescane Minime del Sacro Cuore","description":"Un nuovo sito targato WordPress","potentialAction":[{"@type":"SearchAction","target":{"@type":"EntryPoint","urlTemplate":"https:\/\/www.suoreminime.com\/it\/?s={search_term_string}"},"query-input":{"@type":"PropertyValueSpecification","valueRequired":true,"valueName":"search_term_string"}}],"inLanguage":"it-IT"},{"@type":"Person","@id":"https:\/\/www.suoreminime.com\/it\/#\/schema\/person\/7b25a7d38348f7dc836a568e7e112aad","name":"Sr. Adelina Greco","image":{"@type":"ImageObject","inLanguage":"it-IT","@id":"https:\/\/www.suoreminime.com\/it\/#\/schema\/person\/image\/","url":"https:\/\/secure.gravatar.com\/avatar\/7b23fea63e27705dcd2acdea53dd762c111cb640ffd2984207c4a5d27f005a1c?s=96&d=mm&r=g","contentUrl":"https:\/\/secure.gravatar.com\/avatar\/7b23fea63e27705dcd2acdea53dd762c111cb640ffd2984207c4a5d27f005a1c?s=96&d=mm&r=g","caption":"Sr. Adelina Greco"},"url":"https:\/\/www.suoreminime.com\/it\/author\/sr-adelina\/"}]}},"_links":{"self":[{"href":"https:\/\/www.suoreminime.com\/it\/wp-json\/wp\/v2\/posts\/5873","targetHints":{"allow":["GET"]}}],"collection":[{"href":"https:\/\/www.suoreminime.com\/it\/wp-json\/wp\/v2\/posts"}],"about":[{"href":"https:\/\/www.suoreminime.com\/it\/wp-json\/wp\/v2\/types\/post"}],"author":[{"embeddable":true,"href":"https:\/\/www.suoreminime.com\/it\/wp-json\/wp\/v2\/users\/4"}],"replies":[{"embeddable":true,"href":"https:\/\/www.suoreminime.com\/it\/wp-json\/wp\/v2\/comments?post=5873"}],"version-history":[{"count":1,"href":"https:\/\/www.suoreminime.com\/it\/wp-json\/wp\/v2\/posts\/5873\/revisions"}],"predecessor-version":[{"id":5878,"href":"https:\/\/www.suoreminime.com\/it\/wp-json\/wp\/v2\/posts\/5873\/revisions\/5878"}],"wp:featuredmedia":[{"embeddable":true,"href":"https:\/\/www.suoreminime.com\/it\/wp-json\/wp\/v2\/media\/5874"}],"wp:attachment":[{"href":"https:\/\/www.suoreminime.com\/it\/wp-json\/wp\/v2\/media?parent=5873"}],"wp:term":[{"taxonomy":"category","embeddable":true,"href":"https:\/\/www.suoreminime.com\/it\/wp-json\/wp\/v2\/categories?post=5873"},{"taxonomy":"post_tag","embeddable":true,"href":"https:\/\/www.suoreminime.com\/it\/wp-json\/wp\/v2\/tags?post=5873"}],"curies":[{"name":"wp","href":"https:\/\/api.w.org\/{rel}","templated":true}]}}