{"id":5193,"date":"2021-01-09T15:28:55","date_gmt":"2021-01-09T14:28:55","guid":{"rendered":"https:\/\/www.suoreminime.com\/?p=5193"},"modified":"2021-01-09T15:28:55","modified_gmt":"2021-01-09T14:28:55","slug":"tu-sei-il-figlio-mio-lamato","status":"publish","type":"post","link":"https:\/\/www.suoreminime.com\/it\/tu-sei-il-figlio-mio-lamato\/","title":{"rendered":"TU SEI IL FIGLIO MIO, L\u2019AMATO"},"content":{"rendered":"<p>Mentre Ges\u00f9 risale dall\u2019acqua, vede i cieli squarciati e lo Spirito discendere su di lui come una colomba. Vede ci\u00f2 che gli altri non vedono, riceve una rivelazione che agli altri resta nascosta. I cieli sono squarciati su di lui, Ges\u00f9 ha piena comunione con Dio; la terra e il cielo sono in comunicazione. <em>\u201cSe tu squarciassi i cieli e scendessi! \u201c<\/em> (Is 63,19), \u00e8 finalmente esaudita!!!!<\/p>\n<p>L\u2019azione di Dio, mediante l\u2019immagine della colomba, si accompagna con la parola pronunciata dalla voce che giunge dal cielo: <em>\u201cTu sei il Figlio mio, l\u2019amato; in te ho posto il mio compiacimento\u201d<\/em>. Dopo avere visto, Ges\u00f9 ascolta una voce che gli dice innanzitutto: <em>\u201cTu sei il Figlio mio, l\u2019amato\u201d.<\/em> \u00c8 la parola che rivela a Ges\u00f9 la sua identit\u00e0 pi\u00f9 profonda, parola che Ges\u00f9 dovr\u00e0 interiorizzare nella sua vita umana per rispondere pienamente alla sua vocazione, alla sua missione, ma prima ancora alla sua verit\u00e0.<\/p>\n","protected":false},"excerpt":{"rendered":"<p>Mentre Ges\u00f9 risale dall\u2019acqua, vede i cieli squarciati e lo Spirito discendere su di lui come una colomba. Vede ci\u00f2 che gli altri non vedono, riceve<span class=\"excerpt-hellip\"> [\u2026]<\/span><\/p>\n","protected":false},"author":4,"featured_media":5194,"comment_status":"open","ping_status":"open","sticky":false,"template":"","format":"standard","meta":{"footnotes":""},"categories":[31],"tags":[],"class_list":["post-5193","post","type-post","status-publish","format-standard","has-post-thumbnail","hentry","category-in-evidenza"],"yoast_head":"<!-- This site is optimized with the Yoast SEO plugin v27.1.1 - https:\/\/yoast.com\/product\/yoast-seo-wordpress\/ -->\n<title>TU SEI IL FIGLIO MIO, L\u2019AMATO - Suore Francescane Minime del Sacro Cuore<\/title>\n<meta name=\"robots\" content=\"index, follow, max-snippet:-1, max-image-preview:large, max-video-preview:-1\" \/>\n<link rel=\"canonical\" href=\"https:\/\/www.suoreminime.com\/it\/tu-sei-il-figlio-mio-lamato\/\" \/>\n<meta property=\"og:locale\" content=\"it_IT\" \/>\n<meta property=\"og:type\" content=\"article\" \/>\n<meta property=\"og:title\" content=\"TU SEI IL FIGLIO MIO, L\u2019AMATO - Suore Francescane Minime del Sacro Cuore\" \/>\n<meta property=\"og:description\" content=\"Mentre Ges\u00f9 risale dall\u2019acqua, vede i cieli squarciati e lo Spirito discendere su di lui come una colomba. Vede ci\u00f2 che gli altri non vedono, riceve [\u2026]\" \/>\n<meta property=\"og:url\" content=\"https:\/\/www.suoreminime.com\/it\/tu-sei-il-figlio-mio-lamato\/\" \/>\n<meta property=\"og:site_name\" content=\"Suore Francescane Minime del Sacro Cuore\" \/>\n<meta property=\"article:published_time\" content=\"2021-01-09T14:28:55+00:00\" \/>\n<meta property=\"og:image\" content=\"https:\/\/www.suoreminime.com\/wp-content\/uploads\/2021\/01\/Battesimo-Rupnik-scaled.jpg\" \/>\n\t<meta property=\"og:image:width\" content=\"2560\" \/>\n\t<meta property=\"og:image:height\" content=\"1920\" \/>\n\t<meta property=\"og:image:type\" content=\"image\/jpeg\" \/>\n<meta name=\"author\" content=\"Sr. Adelina Greco\" \/>\n<meta name=\"twitter:card\" content=\"summary_large_image\" \/>\n<meta name=\"twitter:label1\" content=\"Scritto da\" \/>\n\t<meta name=\"twitter:data1\" content=\"Sr. Adelina Greco\" \/>\n\t<meta name=\"twitter:label2\" content=\"Tempo di lettura stimato\" \/>\n\t<meta name=\"twitter:data2\" content=\"1 minuto\" \/>\n<script type=\"application\/ld+json\" class=\"yoast-schema-graph\">{\"@context\":\"https:\/\/schema.org\",\"@graph\":[{\"@type\":\"Article\",\"@id\":\"https:\/\/www.suoreminime.com\/it\/tu-sei-il-figlio-mio-lamato\/#article\",\"isPartOf\":{\"@id\":\"https:\/\/www.suoreminime.com\/it\/tu-sei-il-figlio-mio-lamato\/\"},\"author\":{\"name\":\"Sr. Adelina Greco\",\"@id\":\"https:\/\/www.suoreminime.com\/it\/#\/schema\/person\/7b25a7d38348f7dc836a568e7e112aad\"},\"headline\":\"TU SEI IL FIGLIO MIO, L\u2019AMATO\",\"datePublished\":\"2021-01-09T14:28:55+00:00\",\"mainEntityOfPage\":{\"@id\":\"https:\/\/www.suoreminime.com\/it\/tu-sei-il-figlio-mio-lamato\/\"},\"wordCount\":160,\"commentCount\":0,\"image\":{\"@id\":\"https:\/\/www.suoreminime.com\/it\/tu-sei-il-figlio-mio-lamato\/#primaryimage\"},\"thumbnailUrl\":\"https:\/\/www.suoreminime.com\/wp-content\/uploads\/2021\/01\/Battesimo-Rupnik-scaled.jpg\",\"articleSection\":[\"In Evidenza\"],\"inLanguage\":\"it-IT\",\"potentialAction\":[{\"@type\":\"CommentAction\",\"name\":\"Comment\",\"target\":[\"https:\/\/www.suoreminime.com\/it\/tu-sei-il-figlio-mio-lamato\/#respond\"]}]},{\"@type\":\"WebPage\",\"@id\":\"https:\/\/www.suoreminime.com\/it\/tu-sei-il-figlio-mio-lamato\/\",\"url\":\"https:\/\/www.suoreminime.com\/it\/tu-sei-il-figlio-mio-lamato\/\",\"name\":\"TU SEI IL FIGLIO MIO, L\u2019AMATO - Suore Francescane Minime del Sacro Cuore\",\"isPartOf\":{\"@id\":\"https:\/\/www.suoreminime.com\/it\/#website\"},\"primaryImageOfPage\":{\"@id\":\"https:\/\/www.suoreminime.com\/it\/tu-sei-il-figlio-mio-lamato\/#primaryimage\"},\"image\":{\"@id\":\"https:\/\/www.suoreminime.com\/it\/tu-sei-il-figlio-mio-lamato\/#primaryimage\"},\"thumbnailUrl\":\"https:\/\/www.suoreminime.com\/wp-content\/uploads\/2021\/01\/Battesimo-Rupnik-scaled.jpg\",\"datePublished\":\"2021-01-09T14:28:55+00:00\",\"author\":{\"@id\":\"https:\/\/www.suoreminime.com\/it\/#\/schema\/person\/7b25a7d38348f7dc836a568e7e112aad\"},\"breadcrumb\":{\"@id\":\"https:\/\/www.suoreminime.com\/it\/tu-sei-il-figlio-mio-lamato\/#breadcrumb\"},\"inLanguage\":\"it-IT\",\"potentialAction\":[{\"@type\":\"ReadAction\",\"target\":[\"https:\/\/www.suoreminime.com\/it\/tu-sei-il-figlio-mio-lamato\/\"]}]},{\"@type\":\"ImageObject\",\"inLanguage\":\"it-IT\",\"@id\":\"https:\/\/www.suoreminime.com\/it\/tu-sei-il-figlio-mio-lamato\/#primaryimage\",\"url\":\"https:\/\/www.suoreminime.com\/wp-content\/uploads\/2021\/01\/Battesimo-Rupnik-scaled.jpg\",\"contentUrl\":\"https:\/\/www.suoreminime.com\/wp-content\/uploads\/2021\/01\/Battesimo-Rupnik-scaled.jpg\",\"width\":2560,\"height\":1920},{\"@type\":\"BreadcrumbList\",\"@id\":\"https:\/\/www.suoreminime.com\/it\/tu-sei-il-figlio-mio-lamato\/#breadcrumb\",\"itemListElement\":[{\"@type\":\"ListItem\",\"position\":1,\"name\":\"Home\",\"item\":\"https:\/\/www.suoreminime.com\/it\/\"},{\"@type\":\"ListItem\",\"position\":2,\"name\":\"TU SEI IL FIGLIO MIO, L\u2019AMATO\"}]},{\"@type\":\"WebSite\",\"@id\":\"https:\/\/www.suoreminime.com\/it\/#website\",\"url\":\"https:\/\/www.suoreminime.com\/it\/\",\"name\":\"Suore Francescane Minime del Sacro Cuore\",\"description\":\"Un nuovo sito targato WordPress\",\"potentialAction\":[{\"@type\":\"SearchAction\",\"target\":{\"@type\":\"EntryPoint\",\"urlTemplate\":\"https:\/\/www.suoreminime.com\/it\/?s={search_term_string}\"},\"query-input\":{\"@type\":\"PropertyValueSpecification\",\"valueRequired\":true,\"valueName\":\"search_term_string\"}}],\"inLanguage\":\"it-IT\"},{\"@type\":\"Person\",\"@id\":\"https:\/\/www.suoreminime.com\/it\/#\/schema\/person\/7b25a7d38348f7dc836a568e7e112aad\",\"name\":\"Sr. Adelina Greco\",\"image\":{\"@type\":\"ImageObject\",\"inLanguage\":\"it-IT\",\"@id\":\"https:\/\/www.suoreminime.com\/it\/#\/schema\/person\/image\/\",\"url\":\"https:\/\/secure.gravatar.com\/avatar\/7b23fea63e27705dcd2acdea53dd762c111cb640ffd2984207c4a5d27f005a1c?s=96&d=mm&r=g\",\"contentUrl\":\"https:\/\/secure.gravatar.com\/avatar\/7b23fea63e27705dcd2acdea53dd762c111cb640ffd2984207c4a5d27f005a1c?s=96&d=mm&r=g\",\"caption\":\"Sr. Adelina Greco\"},\"url\":\"https:\/\/www.suoreminime.com\/it\/author\/sr-adelina\/\"}]}<\/script>\n<!-- \/ Yoast SEO plugin. -->","yoast_head_json":{"title":"TU SEI IL FIGLIO MIO, L\u2019AMATO - Suore Francescane Minime del Sacro Cuore","robots":{"index":"index","follow":"follow","max-snippet":"max-snippet:-1","max-image-preview":"max-image-preview:large","max-video-preview":"max-video-preview:-1"},"canonical":"https:\/\/www.suoreminime.com\/it\/tu-sei-il-figlio-mio-lamato\/","og_locale":"it_IT","og_type":"article","og_title":"TU SEI IL FIGLIO MIO, L\u2019AMATO - Suore Francescane Minime del Sacro Cuore","og_description":"Mentre Ges\u00f9 risale dall\u2019acqua, vede i cieli squarciati e lo Spirito discendere su di lui come una colomba. Vede ci\u00f2 che gli altri non vedono, riceve [\u2026]","og_url":"https:\/\/www.suoreminime.com\/it\/tu-sei-il-figlio-mio-lamato\/","og_site_name":"Suore Francescane Minime del Sacro Cuore","article_published_time":"2021-01-09T14:28:55+00:00","og_image":[{"width":2560,"height":1920,"url":"https:\/\/www.suoreminime.com\/wp-content\/uploads\/2021\/01\/Battesimo-Rupnik-scaled.jpg","type":"image\/jpeg"}],"author":"Sr. Adelina Greco","twitter_card":"summary_large_image","twitter_misc":{"Scritto da":"Sr. Adelina Greco","Tempo di lettura stimato":"1 minuto"},"schema":{"@context":"https:\/\/schema.org","@graph":[{"@type":"Article","@id":"https:\/\/www.suoreminime.com\/it\/tu-sei-il-figlio-mio-lamato\/#article","isPartOf":{"@id":"https:\/\/www.suoreminime.com\/it\/tu-sei-il-figlio-mio-lamato\/"},"author":{"name":"Sr. Adelina Greco","@id":"https:\/\/www.suoreminime.com\/it\/#\/schema\/person\/7b25a7d38348f7dc836a568e7e112aad"},"headline":"TU SEI IL FIGLIO MIO, L\u2019AMATO","datePublished":"2021-01-09T14:28:55+00:00","mainEntityOfPage":{"@id":"https:\/\/www.suoreminime.com\/it\/tu-sei-il-figlio-mio-lamato\/"},"wordCount":160,"commentCount":0,"image":{"@id":"https:\/\/www.suoreminime.com\/it\/tu-sei-il-figlio-mio-lamato\/#primaryimage"},"thumbnailUrl":"https:\/\/www.suoreminime.com\/wp-content\/uploads\/2021\/01\/Battesimo-Rupnik-scaled.jpg","articleSection":["In Evidenza"],"inLanguage":"it-IT","potentialAction":[{"@type":"CommentAction","name":"Comment","target":["https:\/\/www.suoreminime.com\/it\/tu-sei-il-figlio-mio-lamato\/#respond"]}]},{"@type":"WebPage","@id":"https:\/\/www.suoreminime.com\/it\/tu-sei-il-figlio-mio-lamato\/","url":"https:\/\/www.suoreminime.com\/it\/tu-sei-il-figlio-mio-lamato\/","name":"TU SEI IL FIGLIO MIO, L\u2019AMATO - Suore Francescane Minime del Sacro Cuore","isPartOf":{"@id":"https:\/\/www.suoreminime.com\/it\/#website"},"primaryImageOfPage":{"@id":"https:\/\/www.suoreminime.com\/it\/tu-sei-il-figlio-mio-lamato\/#primaryimage"},"image":{"@id":"https:\/\/www.suoreminime.com\/it\/tu-sei-il-figlio-mio-lamato\/#primaryimage"},"thumbnailUrl":"https:\/\/www.suoreminime.com\/wp-content\/uploads\/2021\/01\/Battesimo-Rupnik-scaled.jpg","datePublished":"2021-01-09T14:28:55+00:00","author":{"@id":"https:\/\/www.suoreminime.com\/it\/#\/schema\/person\/7b25a7d38348f7dc836a568e7e112aad"},"breadcrumb":{"@id":"https:\/\/www.suoreminime.com\/it\/tu-sei-il-figlio-mio-lamato\/#breadcrumb"},"inLanguage":"it-IT","potentialAction":[{"@type":"ReadAction","target":["https:\/\/www.suoreminime.com\/it\/tu-sei-il-figlio-mio-lamato\/"]}]},{"@type":"ImageObject","inLanguage":"it-IT","@id":"https:\/\/www.suoreminime.com\/it\/tu-sei-il-figlio-mio-lamato\/#primaryimage","url":"https:\/\/www.suoreminime.com\/wp-content\/uploads\/2021\/01\/Battesimo-Rupnik-scaled.jpg","contentUrl":"https:\/\/www.suoreminime.com\/wp-content\/uploads\/2021\/01\/Battesimo-Rupnik-scaled.jpg","width":2560,"height":1920},{"@type":"BreadcrumbList","@id":"https:\/\/www.suoreminime.com\/it\/tu-sei-il-figlio-mio-lamato\/#breadcrumb","itemListElement":[{"@type":"ListItem","position":1,"name":"Home","item":"https:\/\/www.suoreminime.com\/it\/"},{"@type":"ListItem","position":2,"name":"TU SEI IL FIGLIO MIO, L\u2019AMATO"}]},{"@type":"WebSite","@id":"https:\/\/www.suoreminime.com\/it\/#website","url":"https:\/\/www.suoreminime.com\/it\/","name":"Suore Francescane Minime del Sacro Cuore","description":"Un nuovo sito targato WordPress","potentialAction":[{"@type":"SearchAction","target":{"@type":"EntryPoint","urlTemplate":"https:\/\/www.suoreminime.com\/it\/?s={search_term_string}"},"query-input":{"@type":"PropertyValueSpecification","valueRequired":true,"valueName":"search_term_string"}}],"inLanguage":"it-IT"},{"@type":"Person","@id":"https:\/\/www.suoreminime.com\/it\/#\/schema\/person\/7b25a7d38348f7dc836a568e7e112aad","name":"Sr. Adelina Greco","image":{"@type":"ImageObject","inLanguage":"it-IT","@id":"https:\/\/www.suoreminime.com\/it\/#\/schema\/person\/image\/","url":"https:\/\/secure.gravatar.com\/avatar\/7b23fea63e27705dcd2acdea53dd762c111cb640ffd2984207c4a5d27f005a1c?s=96&d=mm&r=g","contentUrl":"https:\/\/secure.gravatar.com\/avatar\/7b23fea63e27705dcd2acdea53dd762c111cb640ffd2984207c4a5d27f005a1c?s=96&d=mm&r=g","caption":"Sr. Adelina Greco"},"url":"https:\/\/www.suoreminime.com\/it\/author\/sr-adelina\/"}]}},"_links":{"self":[{"href":"https:\/\/www.suoreminime.com\/it\/wp-json\/wp\/v2\/posts\/5193","targetHints":{"allow":["GET"]}}],"collection":[{"href":"https:\/\/www.suoreminime.com\/it\/wp-json\/wp\/v2\/posts"}],"about":[{"href":"https:\/\/www.suoreminime.com\/it\/wp-json\/wp\/v2\/types\/post"}],"author":[{"embeddable":true,"href":"https:\/\/www.suoreminime.com\/it\/wp-json\/wp\/v2\/users\/4"}],"replies":[{"embeddable":true,"href":"https:\/\/www.suoreminime.com\/it\/wp-json\/wp\/v2\/comments?post=5193"}],"version-history":[{"count":1,"href":"https:\/\/www.suoreminime.com\/it\/wp-json\/wp\/v2\/posts\/5193\/revisions"}],"predecessor-version":[{"id":5198,"href":"https:\/\/www.suoreminime.com\/it\/wp-json\/wp\/v2\/posts\/5193\/revisions\/5198"}],"wp:featuredmedia":[{"embeddable":true,"href":"https:\/\/www.suoreminime.com\/it\/wp-json\/wp\/v2\/media\/5194"}],"wp:attachment":[{"href":"https:\/\/www.suoreminime.com\/it\/wp-json\/wp\/v2\/media?parent=5193"}],"wp:term":[{"taxonomy":"category","embeddable":true,"href":"https:\/\/www.suoreminime.com\/it\/wp-json\/wp\/v2\/categories?post=5193"},{"taxonomy":"post_tag","embeddable":true,"href":"https:\/\/www.suoreminime.com\/it\/wp-json\/wp\/v2\/tags?post=5193"}],"curies":[{"name":"wp","href":"https:\/\/api.w.org\/{rel}","templated":true}]}}