{"id":5174,"date":"2020-12-26T16:59:47","date_gmt":"2020-12-26T15:59:47","guid":{"rendered":"https:\/\/www.suoreminime.com\/?p=5174"},"modified":"2020-12-26T16:59:47","modified_gmt":"2020-12-26T15:59:47","slug":"portarono-il-bambino-a-gerusalemme","status":"publish","type":"post","link":"https:\/\/www.suoreminime.com\/it\/portarono-il-bambino-a-gerusalemme\/","title":{"rendered":"PORTARONO IL BAMBINO A GERUSALEMME"},"content":{"rendered":"<p><span style=\"background: white; color: #333333; line-height: 115%; font-family: 'Source Sans Pro','sans-serif'; font-size: 15pt;\">Portarono il Bambino a Gerusalemme per presentarlo al Signore.<\/span><span style=\"color: #333333; line-height: 115%; font-family: 'Source Sans Pro','sans-serif'; font-size: 15pt;\"><br \/>\nUna giovanissima coppia e un neonato che portano la povera offerta dei poveri: due tortore, e la pi\u00f9 preziosa offerta del mondo: un bambino. Vengono nella casa del Signore e sulla soglia \u00e8 il Signore che viene loro incontro attraverso due creature intrise di vita e di Spirito, due anziani, Simeone e Anna, occhi stanchi per la vecchiaia e giovani per il desiderio: la vecchiaia del mondo accoglie fra le sue braccia l&#8217;eterna giovinezza di Dio. E la liturgia che si compie, in quel cortile aperto a tutti, \u00e8 naturale e semplice, naturale e perci\u00f2 divina: Simeone prende in braccio Ges\u00f9 e benedice Dio. Compie un gesto sacerdotale, una autentica liturgia, possibile a tutti. Un anziano, diventato onda di speranza, una laica sotto l&#8217;ala dello Spirito benedicono Dio e il figlio di Dio: la benedizione non \u00e8 un ufficio d&#8217;\u00e9lites, ma esubero di gioia che ciascuno pu\u00f2 offrire a Dio (R. Virgili). Anche Maria e Giuseppe sono benedetti, tutta la famiglia viene avvolta da un velo di luce per la benedizione e la profezia di quella coppia di anziani laici, profeti e sacerdoti a un tempo: la benedizione e la profezia non sono riservate ad una categoria sacra, abitano nel cortile aperto a tutti. Lo Spirito aveva rivelato a Simeone che non avrebbe visto la morte senza aver prima veduto il Messia. Parole che sono per me e per te: io non morir\u00f2 senza aver visto l&#8217;offensiva di Dio, l&#8217;offensiva della luce gi\u00e0 in atto dovunque, l&#8217;offensiva mite e possente del lievito e del granello di senape. Poi Simeone dice tre parole immense su Ges\u00f9: egli \u00e8 qui come caduta, risurrezione, come segno di contraddizione. Ges\u00f9 come caduta. Caduta dei nostri piccoli o grandi idoli, rovina del nostro mondo di maschere e bugie, della vita insufficiente e malata. Venuto a rovinare tutto ci\u00f2 che rovina l&#8217;uomo, a portare spada e fuoco per tagliare e bruciare ci\u00f2 che \u00e8 contro l&#8217;umano. Egli \u00e8 qui per la risurrezione: \u00e8 la forza che ti fa rialzare quando credi che per te \u00e8 finita, che ti fa partire anche se hai il vuoto dentro e il nero davanti agli occhi. \u00c8 qui e assicura che vivere \u00e8 l&#8217;infinita pazienza di ricominciare. Cristo contraddizione del nostro illusorio equilibrio tra il dare e l&#8217;avere; che contraddice tutta la mia mediocrit\u00e0, tutte le mie idee sbagliate su Dio. Caduta, risurrezione contraddizione. Tre parole che danno respiro e movimento alla vita, con dentro il luminoso potere di far vedere che tutte le cose sono ormai abitate da un oltre. La figura di Anna chiude il grande affresco. Una donna profeta! Un&#8217;altra, oltre ad Elisabetta e Maria, capaci di incantarsi davanti a un neonato perch\u00e9 sentono Dio come futuro. (E. Ronchi)<\/span><\/p>\n<p><span style=\"color: #333333; line-height: 115%; font-family: 'Source Sans Pro','sans-serif'; font-size: 15pt;\">\u00a0<\/span><\/p>\n","protected":false},"excerpt":{"rendered":"<p>Portarono il Bambino a Gerusalemme per presentarlo al Signore. Una giovanissima coppia e un neonato che portano la povera offerta dei poveri: due tortore, e la<span class=\"excerpt-hellip\"> [\u2026]<\/span><\/p>\n","protected":false},"author":4,"featured_media":5175,"comment_status":"open","ping_status":"open","sticky":false,"template":"","format":"standard","meta":{"footnotes":""},"categories":[31],"tags":[],"class_list":["post-5174","post","type-post","status-publish","format-standard","has-post-thumbnail","hentry","category-in-evidenza"],"yoast_head":"<!-- This site is optimized with the Yoast SEO plugin v27.1.1 - https:\/\/yoast.com\/product\/yoast-seo-wordpress\/ -->\n<title>PORTARONO IL BAMBINO A GERUSALEMME - Suore Francescane Minime del Sacro Cuore<\/title>\n<meta name=\"robots\" content=\"index, follow, max-snippet:-1, max-image-preview:large, max-video-preview:-1\" \/>\n<link rel=\"canonical\" href=\"https:\/\/www.suoreminime.com\/it\/portarono-il-bambino-a-gerusalemme\/\" \/>\n<meta property=\"og:locale\" content=\"it_IT\" \/>\n<meta property=\"og:type\" content=\"article\" \/>\n<meta property=\"og:title\" content=\"PORTARONO IL BAMBINO A GERUSALEMME - Suore Francescane Minime del Sacro Cuore\" \/>\n<meta property=\"og:description\" content=\"Portarono il Bambino a Gerusalemme per presentarlo al Signore. Una giovanissima coppia e un neonato che portano la povera offerta dei poveri: due tortore, e la [\u2026]\" \/>\n<meta property=\"og:url\" content=\"https:\/\/www.suoreminime.com\/it\/portarono-il-bambino-a-gerusalemme\/\" \/>\n<meta property=\"og:site_name\" content=\"Suore Francescane Minime del Sacro Cuore\" \/>\n<meta property=\"article:published_time\" content=\"2020-12-26T15:59:47+00:00\" \/>\n<meta property=\"og:image\" content=\"https:\/\/www.suoreminime.com\/wp-content\/uploads\/2020\/12\/Sacra-Famiglia-4205.jpg\" \/>\n\t<meta property=\"og:image:width\" content=\"800\" \/>\n\t<meta property=\"og:image:height\" content=\"600\" \/>\n\t<meta property=\"og:image:type\" content=\"image\/jpeg\" \/>\n<meta name=\"author\" content=\"Sr. Adelina Greco\" \/>\n<meta name=\"twitter:card\" content=\"summary_large_image\" \/>\n<meta name=\"twitter:label1\" content=\"Scritto da\" \/>\n\t<meta name=\"twitter:data1\" content=\"Sr. Adelina Greco\" \/>\n\t<meta name=\"twitter:label2\" content=\"Tempo di lettura stimato\" \/>\n\t<meta name=\"twitter:data2\" content=\"2 minuti\" \/>\n<script type=\"application\/ld+json\" class=\"yoast-schema-graph\">{\"@context\":\"https:\/\/schema.org\",\"@graph\":[{\"@type\":\"Article\",\"@id\":\"https:\/\/www.suoreminime.com\/it\/portarono-il-bambino-a-gerusalemme\/#article\",\"isPartOf\":{\"@id\":\"https:\/\/www.suoreminime.com\/it\/portarono-il-bambino-a-gerusalemme\/\"},\"author\":{\"name\":\"Sr. Adelina Greco\",\"@id\":\"https:\/\/www.suoreminime.com\/it\/#\/schema\/person\/7b25a7d38348f7dc836a568e7e112aad\"},\"headline\":\"PORTARONO IL BAMBINO A GERUSALEMME\",\"datePublished\":\"2020-12-26T15:59:47+00:00\",\"mainEntityOfPage\":{\"@id\":\"https:\/\/www.suoreminime.com\/it\/portarono-il-bambino-a-gerusalemme\/\"},\"wordCount\":457,\"commentCount\":0,\"image\":{\"@id\":\"https:\/\/www.suoreminime.com\/it\/portarono-il-bambino-a-gerusalemme\/#primaryimage\"},\"thumbnailUrl\":\"https:\/\/www.suoreminime.com\/wp-content\/uploads\/2020\/12\/Sacra-Famiglia-4205.jpg\",\"articleSection\":[\"In Evidenza\"],\"inLanguage\":\"it-IT\",\"potentialAction\":[{\"@type\":\"CommentAction\",\"name\":\"Comment\",\"target\":[\"https:\/\/www.suoreminime.com\/it\/portarono-il-bambino-a-gerusalemme\/#respond\"]}]},{\"@type\":\"WebPage\",\"@id\":\"https:\/\/www.suoreminime.com\/it\/portarono-il-bambino-a-gerusalemme\/\",\"url\":\"https:\/\/www.suoreminime.com\/it\/portarono-il-bambino-a-gerusalemme\/\",\"name\":\"PORTARONO IL BAMBINO A GERUSALEMME - Suore Francescane Minime del Sacro Cuore\",\"isPartOf\":{\"@id\":\"https:\/\/www.suoreminime.com\/it\/#website\"},\"primaryImageOfPage\":{\"@id\":\"https:\/\/www.suoreminime.com\/it\/portarono-il-bambino-a-gerusalemme\/#primaryimage\"},\"image\":{\"@id\":\"https:\/\/www.suoreminime.com\/it\/portarono-il-bambino-a-gerusalemme\/#primaryimage\"},\"thumbnailUrl\":\"https:\/\/www.suoreminime.com\/wp-content\/uploads\/2020\/12\/Sacra-Famiglia-4205.jpg\",\"datePublished\":\"2020-12-26T15:59:47+00:00\",\"author\":{\"@id\":\"https:\/\/www.suoreminime.com\/it\/#\/schema\/person\/7b25a7d38348f7dc836a568e7e112aad\"},\"breadcrumb\":{\"@id\":\"https:\/\/www.suoreminime.com\/it\/portarono-il-bambino-a-gerusalemme\/#breadcrumb\"},\"inLanguage\":\"it-IT\",\"potentialAction\":[{\"@type\":\"ReadAction\",\"target\":[\"https:\/\/www.suoreminime.com\/it\/portarono-il-bambino-a-gerusalemme\/\"]}]},{\"@type\":\"ImageObject\",\"inLanguage\":\"it-IT\",\"@id\":\"https:\/\/www.suoreminime.com\/it\/portarono-il-bambino-a-gerusalemme\/#primaryimage\",\"url\":\"https:\/\/www.suoreminime.com\/wp-content\/uploads\/2020\/12\/Sacra-Famiglia-4205.jpg\",\"contentUrl\":\"https:\/\/www.suoreminime.com\/wp-content\/uploads\/2020\/12\/Sacra-Famiglia-4205.jpg\",\"width\":800,\"height\":600},{\"@type\":\"BreadcrumbList\",\"@id\":\"https:\/\/www.suoreminime.com\/it\/portarono-il-bambino-a-gerusalemme\/#breadcrumb\",\"itemListElement\":[{\"@type\":\"ListItem\",\"position\":1,\"name\":\"Home\",\"item\":\"https:\/\/www.suoreminime.com\/it\/\"},{\"@type\":\"ListItem\",\"position\":2,\"name\":\"PORTARONO IL BAMBINO A GERUSALEMME\"}]},{\"@type\":\"WebSite\",\"@id\":\"https:\/\/www.suoreminime.com\/it\/#website\",\"url\":\"https:\/\/www.suoreminime.com\/it\/\",\"name\":\"Suore Francescane Minime del Sacro Cuore\",\"description\":\"Un nuovo sito targato WordPress\",\"potentialAction\":[{\"@type\":\"SearchAction\",\"target\":{\"@type\":\"EntryPoint\",\"urlTemplate\":\"https:\/\/www.suoreminime.com\/it\/?s={search_term_string}\"},\"query-input\":{\"@type\":\"PropertyValueSpecification\",\"valueRequired\":true,\"valueName\":\"search_term_string\"}}],\"inLanguage\":\"it-IT\"},{\"@type\":\"Person\",\"@id\":\"https:\/\/www.suoreminime.com\/it\/#\/schema\/person\/7b25a7d38348f7dc836a568e7e112aad\",\"name\":\"Sr. Adelina Greco\",\"image\":{\"@type\":\"ImageObject\",\"inLanguage\":\"it-IT\",\"@id\":\"https:\/\/www.suoreminime.com\/it\/#\/schema\/person\/image\/\",\"url\":\"https:\/\/secure.gravatar.com\/avatar\/7b23fea63e27705dcd2acdea53dd762c111cb640ffd2984207c4a5d27f005a1c?s=96&d=mm&r=g\",\"contentUrl\":\"https:\/\/secure.gravatar.com\/avatar\/7b23fea63e27705dcd2acdea53dd762c111cb640ffd2984207c4a5d27f005a1c?s=96&d=mm&r=g\",\"caption\":\"Sr. Adelina Greco\"},\"url\":\"https:\/\/www.suoreminime.com\/it\/author\/sr-adelina\/\"}]}<\/script>\n<!-- \/ Yoast SEO plugin. -->","yoast_head_json":{"title":"PORTARONO IL BAMBINO A GERUSALEMME - Suore Francescane Minime del Sacro Cuore","robots":{"index":"index","follow":"follow","max-snippet":"max-snippet:-1","max-image-preview":"max-image-preview:large","max-video-preview":"max-video-preview:-1"},"canonical":"https:\/\/www.suoreminime.com\/it\/portarono-il-bambino-a-gerusalemme\/","og_locale":"it_IT","og_type":"article","og_title":"PORTARONO IL BAMBINO A GERUSALEMME - Suore Francescane Minime del Sacro Cuore","og_description":"Portarono il Bambino a Gerusalemme per presentarlo al Signore. Una giovanissima coppia e un neonato che portano la povera offerta dei poveri: due tortore, e la [\u2026]","og_url":"https:\/\/www.suoreminime.com\/it\/portarono-il-bambino-a-gerusalemme\/","og_site_name":"Suore Francescane Minime del Sacro Cuore","article_published_time":"2020-12-26T15:59:47+00:00","og_image":[{"width":800,"height":600,"url":"https:\/\/www.suoreminime.com\/wp-content\/uploads\/2020\/12\/Sacra-Famiglia-4205.jpg","type":"image\/jpeg"}],"author":"Sr. Adelina Greco","twitter_card":"summary_large_image","twitter_misc":{"Scritto da":"Sr. Adelina Greco","Tempo di lettura stimato":"2 minuti"},"schema":{"@context":"https:\/\/schema.org","@graph":[{"@type":"Article","@id":"https:\/\/www.suoreminime.com\/it\/portarono-il-bambino-a-gerusalemme\/#article","isPartOf":{"@id":"https:\/\/www.suoreminime.com\/it\/portarono-il-bambino-a-gerusalemme\/"},"author":{"name":"Sr. Adelina Greco","@id":"https:\/\/www.suoreminime.com\/it\/#\/schema\/person\/7b25a7d38348f7dc836a568e7e112aad"},"headline":"PORTARONO IL BAMBINO A GERUSALEMME","datePublished":"2020-12-26T15:59:47+00:00","mainEntityOfPage":{"@id":"https:\/\/www.suoreminime.com\/it\/portarono-il-bambino-a-gerusalemme\/"},"wordCount":457,"commentCount":0,"image":{"@id":"https:\/\/www.suoreminime.com\/it\/portarono-il-bambino-a-gerusalemme\/#primaryimage"},"thumbnailUrl":"https:\/\/www.suoreminime.com\/wp-content\/uploads\/2020\/12\/Sacra-Famiglia-4205.jpg","articleSection":["In Evidenza"],"inLanguage":"it-IT","potentialAction":[{"@type":"CommentAction","name":"Comment","target":["https:\/\/www.suoreminime.com\/it\/portarono-il-bambino-a-gerusalemme\/#respond"]}]},{"@type":"WebPage","@id":"https:\/\/www.suoreminime.com\/it\/portarono-il-bambino-a-gerusalemme\/","url":"https:\/\/www.suoreminime.com\/it\/portarono-il-bambino-a-gerusalemme\/","name":"PORTARONO IL BAMBINO A GERUSALEMME - Suore Francescane Minime del Sacro Cuore","isPartOf":{"@id":"https:\/\/www.suoreminime.com\/it\/#website"},"primaryImageOfPage":{"@id":"https:\/\/www.suoreminime.com\/it\/portarono-il-bambino-a-gerusalemme\/#primaryimage"},"image":{"@id":"https:\/\/www.suoreminime.com\/it\/portarono-il-bambino-a-gerusalemme\/#primaryimage"},"thumbnailUrl":"https:\/\/www.suoreminime.com\/wp-content\/uploads\/2020\/12\/Sacra-Famiglia-4205.jpg","datePublished":"2020-12-26T15:59:47+00:00","author":{"@id":"https:\/\/www.suoreminime.com\/it\/#\/schema\/person\/7b25a7d38348f7dc836a568e7e112aad"},"breadcrumb":{"@id":"https:\/\/www.suoreminime.com\/it\/portarono-il-bambino-a-gerusalemme\/#breadcrumb"},"inLanguage":"it-IT","potentialAction":[{"@type":"ReadAction","target":["https:\/\/www.suoreminime.com\/it\/portarono-il-bambino-a-gerusalemme\/"]}]},{"@type":"ImageObject","inLanguage":"it-IT","@id":"https:\/\/www.suoreminime.com\/it\/portarono-il-bambino-a-gerusalemme\/#primaryimage","url":"https:\/\/www.suoreminime.com\/wp-content\/uploads\/2020\/12\/Sacra-Famiglia-4205.jpg","contentUrl":"https:\/\/www.suoreminime.com\/wp-content\/uploads\/2020\/12\/Sacra-Famiglia-4205.jpg","width":800,"height":600},{"@type":"BreadcrumbList","@id":"https:\/\/www.suoreminime.com\/it\/portarono-il-bambino-a-gerusalemme\/#breadcrumb","itemListElement":[{"@type":"ListItem","position":1,"name":"Home","item":"https:\/\/www.suoreminime.com\/it\/"},{"@type":"ListItem","position":2,"name":"PORTARONO IL BAMBINO A GERUSALEMME"}]},{"@type":"WebSite","@id":"https:\/\/www.suoreminime.com\/it\/#website","url":"https:\/\/www.suoreminime.com\/it\/","name":"Suore Francescane Minime del Sacro Cuore","description":"Un nuovo sito targato WordPress","potentialAction":[{"@type":"SearchAction","target":{"@type":"EntryPoint","urlTemplate":"https:\/\/www.suoreminime.com\/it\/?s={search_term_string}"},"query-input":{"@type":"PropertyValueSpecification","valueRequired":true,"valueName":"search_term_string"}}],"inLanguage":"it-IT"},{"@type":"Person","@id":"https:\/\/www.suoreminime.com\/it\/#\/schema\/person\/7b25a7d38348f7dc836a568e7e112aad","name":"Sr. Adelina Greco","image":{"@type":"ImageObject","inLanguage":"it-IT","@id":"https:\/\/www.suoreminime.com\/it\/#\/schema\/person\/image\/","url":"https:\/\/secure.gravatar.com\/avatar\/7b23fea63e27705dcd2acdea53dd762c111cb640ffd2984207c4a5d27f005a1c?s=96&d=mm&r=g","contentUrl":"https:\/\/secure.gravatar.com\/avatar\/7b23fea63e27705dcd2acdea53dd762c111cb640ffd2984207c4a5d27f005a1c?s=96&d=mm&r=g","caption":"Sr. Adelina Greco"},"url":"https:\/\/www.suoreminime.com\/it\/author\/sr-adelina\/"}]}},"_links":{"self":[{"href":"https:\/\/www.suoreminime.com\/it\/wp-json\/wp\/v2\/posts\/5174","targetHints":{"allow":["GET"]}}],"collection":[{"href":"https:\/\/www.suoreminime.com\/it\/wp-json\/wp\/v2\/posts"}],"about":[{"href":"https:\/\/www.suoreminime.com\/it\/wp-json\/wp\/v2\/types\/post"}],"author":[{"embeddable":true,"href":"https:\/\/www.suoreminime.com\/it\/wp-json\/wp\/v2\/users\/4"}],"replies":[{"embeddable":true,"href":"https:\/\/www.suoreminime.com\/it\/wp-json\/wp\/v2\/comments?post=5174"}],"version-history":[{"count":1,"href":"https:\/\/www.suoreminime.com\/it\/wp-json\/wp\/v2\/posts\/5174\/revisions"}],"predecessor-version":[{"id":5179,"href":"https:\/\/www.suoreminime.com\/it\/wp-json\/wp\/v2\/posts\/5174\/revisions\/5179"}],"wp:featuredmedia":[{"embeddable":true,"href":"https:\/\/www.suoreminime.com\/it\/wp-json\/wp\/v2\/media\/5175"}],"wp:attachment":[{"href":"https:\/\/www.suoreminime.com\/it\/wp-json\/wp\/v2\/media?parent=5174"}],"wp:term":[{"taxonomy":"category","embeddable":true,"href":"https:\/\/www.suoreminime.com\/it\/wp-json\/wp\/v2\/categories?post=5174"},{"taxonomy":"post_tag","embeddable":true,"href":"https:\/\/www.suoreminime.com\/it\/wp-json\/wp\/v2\/tags?post=5174"}],"curies":[{"name":"wp","href":"https:\/\/api.w.org\/{rel}","templated":true}]}}