{"id":4663,"date":"2020-04-20T22:05:45","date_gmt":"2020-04-20T20:05:45","guid":{"rendered":"https:\/\/www.suoreminime.com\/?p=4663"},"modified":"2020-04-22T22:18:01","modified_gmt":"2020-04-22T20:18:01","slug":"triduo-di-preparazione-all-anniversario-di-beatificazione-in-brasile","status":"publish","type":"post","link":"https:\/\/www.suoreminime.com\/it\/triduo-di-preparazione-all-anniversario-di-beatificazione-in-brasile\/","title":{"rendered":"TRIDUO DI PREPARAZIONE ALL&#8217; ANNIVERSARIO DI BEATIFICAZIONE IN BRASILE"},"content":{"rendered":"<p style=\"text-align: justify;\"><img loading=\"lazy\" decoding=\"async\" class=\"wp-image-4670 aligncenter\" src=\"https:\/\/www.suoreminime.com\/wp-content\/uploads\/2020\/04\/tersina.jpg\" alt=\"\" width=\"673\" height=\"898\" srcset=\"https:\/\/www.suoreminime.com\/wp-content\/uploads\/2020\/04\/tersina.jpg 768w, https:\/\/www.suoreminime.com\/wp-content\/uploads\/2020\/04\/tersina-225x300.jpg 225w, https:\/\/www.suoreminime.com\/wp-content\/uploads\/2020\/04\/tersina-110x146.jpg 110w, https:\/\/www.suoreminime.com\/wp-content\/uploads\/2020\/04\/tersina-38x50.jpg 38w, https:\/\/www.suoreminime.com\/wp-content\/uploads\/2020\/04\/tersina-56x75.jpg 56w\" sizes=\"auto, (max-width:767px) 480px, 673px\" \/><\/p>\n<p>&nbsp;<\/p>\n<p style=\"text-align: justify;\"><img loading=\"lazy\" decoding=\"async\" class=\"wp-image-4680 aligncenter\" src=\"https:\/\/www.suoreminime.com\/wp-content\/uploads\/2020\/04\/sao-luis-caiani.jpg\" alt=\"\" width=\"668\" height=\"554\" srcset=\"https:\/\/www.suoreminime.com\/wp-content\/uploads\/2020\/04\/sao-luis-caiani.jpg 502w, https:\/\/www.suoreminime.com\/wp-content\/uploads\/2020\/04\/sao-luis-caiani-300x249.jpg 300w, https:\/\/www.suoreminime.com\/wp-content\/uploads\/2020\/04\/sao-luis-caiani-176x146.jpg 176w, https:\/\/www.suoreminime.com\/wp-content\/uploads\/2020\/04\/sao-luis-caiani-50x41.jpg 50w, https:\/\/www.suoreminime.com\/wp-content\/uploads\/2020\/04\/sao-luis-caiani-91x75.jpg 91w\" sizes=\"auto, (max-width:767px) 480px, 668px\" \/>In Brasile \u00e8 tradizione che l&#8217;anniversario della beatificazione di Madre Caiani venga preceduto da un triduo di preghiera. \u00c9 stato preparato un formulario per ogni giorno, inviato anche alle altre due comunit\u00e0 e ai laici del \u201cGruppo Madre Caiani\u201d. Ci sentiamo unite a tutte le sorelle dell&#8217;Istituto e a tutti coloro che si affidano alla intercessione di Madre Margherita e insieme presentiamo al Cuore di Ges\u00f9 le gioie e le sofferenze dell&#8217;umanit\u00e0 in questo particolare momento.<\/p>\n<p>&nbsp;<\/p>\n<p>TESTIMONIANZA DI UNA LAICA DI DOM PEDRO<\/p>\n<p><em>\u201cMai questo triduo \u00e8 stato vissuto come adesso, ogni casa \u00e8 una chiesa domestica, tutti a casa sua, distanti, ma allo stesso tempo vicini.\u201d<img loading=\"lazy\" decoding=\"async\" class=\"alignnone size-full wp-image-4707\" src=\"https:\/\/www.suoreminime.com\/wp-content\/uploads\/2020\/04\/foto-triduo.jpg\" alt=\"\" width=\"2406\" height=\"2215\" srcset=\"https:\/\/www.suoreminime.com\/wp-content\/uploads\/2020\/04\/foto-triduo.jpg 2406w, https:\/\/www.suoreminime.com\/wp-content\/uploads\/2020\/04\/foto-triduo-300x276.jpg 300w, https:\/\/www.suoreminime.com\/wp-content\/uploads\/2020\/04\/foto-triduo-1024x943.jpg 1024w, https:\/\/www.suoreminime.com\/wp-content\/uploads\/2020\/04\/foto-triduo-768x707.jpg 768w, https:\/\/www.suoreminime.com\/wp-content\/uploads\/2020\/04\/foto-triduo-1536x1414.jpg 1536w, https:\/\/www.suoreminime.com\/wp-content\/uploads\/2020\/04\/foto-triduo-2048x1885.jpg 2048w, https:\/\/www.suoreminime.com\/wp-content\/uploads\/2020\/04\/foto-triduo-159x146.jpg 159w, https:\/\/www.suoreminime.com\/wp-content\/uploads\/2020\/04\/foto-triduo-50x46.jpg 50w, https:\/\/www.suoreminime.com\/wp-content\/uploads\/2020\/04\/foto-triduo-81x75.jpg 81w\" sizes=\"auto, (max-width:767px) 480px, (max-width:2406px) 100vw, 2406px\" \/> <\/em><\/p>\n","protected":false},"excerpt":{"rendered":"<p>&nbsp; In Brasile \u00e8 tradizione che l&#8217;anniversario della beatificazione di Madre Caiani venga preceduto da un triduo di preghiera. \u00c9 stato preparato un formulario per ogni<span class=\"excerpt-hellip\"> [\u2026]<\/span><\/p>\n","protected":false},"author":4,"featured_media":4664,"comment_status":"open","ping_status":"open","sticky":false,"template":"","format":"standard","meta":{"footnotes":""},"categories":[31],"tags":[],"class_list":["post-4663","post","type-post","status-publish","format-standard","has-post-thumbnail","hentry","category-in-evidenza"],"yoast_head":"<!-- This site is optimized with the Yoast SEO plugin v27.1.1 - https:\/\/yoast.com\/product\/yoast-seo-wordpress\/ -->\n<title>TRIDUO DI PREPARAZIONE ALL&#039; ANNIVERSARIO DI BEATIFICAZIONE IN BRASILE - Suore Francescane Minime del Sacro Cuore<\/title>\n<meta name=\"robots\" content=\"index, follow, max-snippet:-1, max-image-preview:large, max-video-preview:-1\" \/>\n<link rel=\"canonical\" href=\"https:\/\/www.suoreminime.com\/it\/triduo-di-preparazione-all-anniversario-di-beatificazione-in-brasile\/\" \/>\n<meta property=\"og:locale\" content=\"it_IT\" \/>\n<meta property=\"og:type\" content=\"article\" \/>\n<meta property=\"og:title\" content=\"TRIDUO DI PREPARAZIONE ALL&#039; ANNIVERSARIO DI BEATIFICAZIONE IN BRASILE - Suore Francescane Minime del Sacro Cuore\" \/>\n<meta property=\"og:description\" content=\"&nbsp; In Brasile \u00e8 tradizione che l&#8217;anniversario della beatificazione di Madre Caiani venga preceduto da un triduo di preghiera. \u00c9 stato preparato un formulario per ogni [\u2026]\" \/>\n<meta property=\"og:url\" content=\"https:\/\/www.suoreminime.com\/it\/triduo-di-preparazione-all-anniversario-di-beatificazione-in-brasile\/\" \/>\n<meta property=\"og:site_name\" content=\"Suore Francescane Minime del Sacro Cuore\" \/>\n<meta property=\"article:published_time\" content=\"2020-04-20T20:05:45+00:00\" \/>\n<meta property=\"article:modified_time\" content=\"2020-04-22T20:18:01+00:00\" \/>\n<meta property=\"og:image\" content=\"https:\/\/www.suoreminime.com\/wp-content\/uploads\/2020\/04\/madre-brasile.jpg\" \/>\n\t<meta property=\"og:image:width\" content=\"780\" \/>\n\t<meta property=\"og:image:height\" content=\"1040\" \/>\n\t<meta property=\"og:image:type\" content=\"image\/jpeg\" \/>\n<meta name=\"author\" content=\"Sr. Adelina Greco\" \/>\n<meta name=\"twitter:card\" content=\"summary_large_image\" \/>\n<meta name=\"twitter:label1\" content=\"Scritto da\" \/>\n\t<meta name=\"twitter:data1\" content=\"Sr. Adelina Greco\" \/>\n\t<meta name=\"twitter:label2\" content=\"Tempo di lettura stimato\" \/>\n\t<meta name=\"twitter:data2\" content=\"1 minuto\" \/>\n<script type=\"application\/ld+json\" class=\"yoast-schema-graph\">{\"@context\":\"https:\/\/schema.org\",\"@graph\":[{\"@type\":\"Article\",\"@id\":\"https:\/\/www.suoreminime.com\/it\/triduo-di-preparazione-all-anniversario-di-beatificazione-in-brasile\/#article\",\"isPartOf\":{\"@id\":\"https:\/\/www.suoreminime.com\/it\/triduo-di-preparazione-all-anniversario-di-beatificazione-in-brasile\/\"},\"author\":{\"name\":\"Sr. Adelina Greco\",\"@id\":\"https:\/\/www.suoreminime.com\/it\/#\/schema\/person\/7b25a7d38348f7dc836a568e7e112aad\"},\"headline\":\"TRIDUO DI PREPARAZIONE ALL&#8217; ANNIVERSARIO DI BEATIFICAZIONE IN BRASILE\",\"datePublished\":\"2020-04-20T20:05:45+00:00\",\"dateModified\":\"2020-04-22T20:18:01+00:00\",\"mainEntityOfPage\":{\"@id\":\"https:\/\/www.suoreminime.com\/it\/triduo-di-preparazione-all-anniversario-di-beatificazione-in-brasile\/\"},\"wordCount\":114,\"commentCount\":0,\"image\":{\"@id\":\"https:\/\/www.suoreminime.com\/it\/triduo-di-preparazione-all-anniversario-di-beatificazione-in-brasile\/#primaryimage\"},\"thumbnailUrl\":\"https:\/\/www.suoreminime.com\/wp-content\/uploads\/2020\/04\/madre-brasile.jpg\",\"articleSection\":[\"In Evidenza\"],\"inLanguage\":\"it-IT\",\"potentialAction\":[{\"@type\":\"CommentAction\",\"name\":\"Comment\",\"target\":[\"https:\/\/www.suoreminime.com\/it\/triduo-di-preparazione-all-anniversario-di-beatificazione-in-brasile\/#respond\"]}]},{\"@type\":\"WebPage\",\"@id\":\"https:\/\/www.suoreminime.com\/it\/triduo-di-preparazione-all-anniversario-di-beatificazione-in-brasile\/\",\"url\":\"https:\/\/www.suoreminime.com\/it\/triduo-di-preparazione-all-anniversario-di-beatificazione-in-brasile\/\",\"name\":\"TRIDUO DI PREPARAZIONE ALL' ANNIVERSARIO DI BEATIFICAZIONE IN BRASILE - Suore Francescane Minime del Sacro Cuore\",\"isPartOf\":{\"@id\":\"https:\/\/www.suoreminime.com\/it\/#website\"},\"primaryImageOfPage\":{\"@id\":\"https:\/\/www.suoreminime.com\/it\/triduo-di-preparazione-all-anniversario-di-beatificazione-in-brasile\/#primaryimage\"},\"image\":{\"@id\":\"https:\/\/www.suoreminime.com\/it\/triduo-di-preparazione-all-anniversario-di-beatificazione-in-brasile\/#primaryimage\"},\"thumbnailUrl\":\"https:\/\/www.suoreminime.com\/wp-content\/uploads\/2020\/04\/madre-brasile.jpg\",\"datePublished\":\"2020-04-20T20:05:45+00:00\",\"dateModified\":\"2020-04-22T20:18:01+00:00\",\"author\":{\"@id\":\"https:\/\/www.suoreminime.com\/it\/#\/schema\/person\/7b25a7d38348f7dc836a568e7e112aad\"},\"breadcrumb\":{\"@id\":\"https:\/\/www.suoreminime.com\/it\/triduo-di-preparazione-all-anniversario-di-beatificazione-in-brasile\/#breadcrumb\"},\"inLanguage\":\"it-IT\",\"potentialAction\":[{\"@type\":\"ReadAction\",\"target\":[\"https:\/\/www.suoreminime.com\/it\/triduo-di-preparazione-all-anniversario-di-beatificazione-in-brasile\/\"]}]},{\"@type\":\"ImageObject\",\"inLanguage\":\"it-IT\",\"@id\":\"https:\/\/www.suoreminime.com\/it\/triduo-di-preparazione-all-anniversario-di-beatificazione-in-brasile\/#primaryimage\",\"url\":\"https:\/\/www.suoreminime.com\/wp-content\/uploads\/2020\/04\/madre-brasile.jpg\",\"contentUrl\":\"https:\/\/www.suoreminime.com\/wp-content\/uploads\/2020\/04\/madre-brasile.jpg\",\"width\":780,\"height\":1040},{\"@type\":\"BreadcrumbList\",\"@id\":\"https:\/\/www.suoreminime.com\/it\/triduo-di-preparazione-all-anniversario-di-beatificazione-in-brasile\/#breadcrumb\",\"itemListElement\":[{\"@type\":\"ListItem\",\"position\":1,\"name\":\"Home\",\"item\":\"https:\/\/www.suoreminime.com\/it\/\"},{\"@type\":\"ListItem\",\"position\":2,\"name\":\"TRIDUO DI PREPARAZIONE ALL&#8217; ANNIVERSARIO DI BEATIFICAZIONE IN BRASILE\"}]},{\"@type\":\"WebSite\",\"@id\":\"https:\/\/www.suoreminime.com\/it\/#website\",\"url\":\"https:\/\/www.suoreminime.com\/it\/\",\"name\":\"Suore Francescane Minime del Sacro Cuore\",\"description\":\"Un nuovo sito targato WordPress\",\"potentialAction\":[{\"@type\":\"SearchAction\",\"target\":{\"@type\":\"EntryPoint\",\"urlTemplate\":\"https:\/\/www.suoreminime.com\/it\/?s={search_term_string}\"},\"query-input\":{\"@type\":\"PropertyValueSpecification\",\"valueRequired\":true,\"valueName\":\"search_term_string\"}}],\"inLanguage\":\"it-IT\"},{\"@type\":\"Person\",\"@id\":\"https:\/\/www.suoreminime.com\/it\/#\/schema\/person\/7b25a7d38348f7dc836a568e7e112aad\",\"name\":\"Sr. Adelina Greco\",\"image\":{\"@type\":\"ImageObject\",\"inLanguage\":\"it-IT\",\"@id\":\"https:\/\/www.suoreminime.com\/it\/#\/schema\/person\/image\/\",\"url\":\"https:\/\/secure.gravatar.com\/avatar\/7b23fea63e27705dcd2acdea53dd762c111cb640ffd2984207c4a5d27f005a1c?s=96&d=mm&r=g\",\"contentUrl\":\"https:\/\/secure.gravatar.com\/avatar\/7b23fea63e27705dcd2acdea53dd762c111cb640ffd2984207c4a5d27f005a1c?s=96&d=mm&r=g\",\"caption\":\"Sr. Adelina Greco\"},\"url\":\"https:\/\/www.suoreminime.com\/it\/author\/sr-adelina\/\"}]}<\/script>\n<!-- \/ Yoast SEO plugin. -->","yoast_head_json":{"title":"TRIDUO DI PREPARAZIONE ALL' ANNIVERSARIO DI BEATIFICAZIONE IN BRASILE - Suore Francescane Minime del Sacro Cuore","robots":{"index":"index","follow":"follow","max-snippet":"max-snippet:-1","max-image-preview":"max-image-preview:large","max-video-preview":"max-video-preview:-1"},"canonical":"https:\/\/www.suoreminime.com\/it\/triduo-di-preparazione-all-anniversario-di-beatificazione-in-brasile\/","og_locale":"it_IT","og_type":"article","og_title":"TRIDUO DI PREPARAZIONE ALL' ANNIVERSARIO DI BEATIFICAZIONE IN BRASILE - Suore Francescane Minime del Sacro Cuore","og_description":"&nbsp; In Brasile \u00e8 tradizione che l&#8217;anniversario della beatificazione di Madre Caiani venga preceduto da un triduo di preghiera. \u00c9 stato preparato un formulario per ogni [\u2026]","og_url":"https:\/\/www.suoreminime.com\/it\/triduo-di-preparazione-all-anniversario-di-beatificazione-in-brasile\/","og_site_name":"Suore Francescane Minime del Sacro Cuore","article_published_time":"2020-04-20T20:05:45+00:00","article_modified_time":"2020-04-22T20:18:01+00:00","og_image":[{"width":780,"height":1040,"url":"https:\/\/www.suoreminime.com\/wp-content\/uploads\/2020\/04\/madre-brasile.jpg","type":"image\/jpeg"}],"author":"Sr. Adelina Greco","twitter_card":"summary_large_image","twitter_misc":{"Scritto da":"Sr. Adelina Greco","Tempo di lettura stimato":"1 minuto"},"schema":{"@context":"https:\/\/schema.org","@graph":[{"@type":"Article","@id":"https:\/\/www.suoreminime.com\/it\/triduo-di-preparazione-all-anniversario-di-beatificazione-in-brasile\/#article","isPartOf":{"@id":"https:\/\/www.suoreminime.com\/it\/triduo-di-preparazione-all-anniversario-di-beatificazione-in-brasile\/"},"author":{"name":"Sr. Adelina Greco","@id":"https:\/\/www.suoreminime.com\/it\/#\/schema\/person\/7b25a7d38348f7dc836a568e7e112aad"},"headline":"TRIDUO DI PREPARAZIONE ALL&#8217; ANNIVERSARIO DI BEATIFICAZIONE IN BRASILE","datePublished":"2020-04-20T20:05:45+00:00","dateModified":"2020-04-22T20:18:01+00:00","mainEntityOfPage":{"@id":"https:\/\/www.suoreminime.com\/it\/triduo-di-preparazione-all-anniversario-di-beatificazione-in-brasile\/"},"wordCount":114,"commentCount":0,"image":{"@id":"https:\/\/www.suoreminime.com\/it\/triduo-di-preparazione-all-anniversario-di-beatificazione-in-brasile\/#primaryimage"},"thumbnailUrl":"https:\/\/www.suoreminime.com\/wp-content\/uploads\/2020\/04\/madre-brasile.jpg","articleSection":["In Evidenza"],"inLanguage":"it-IT","potentialAction":[{"@type":"CommentAction","name":"Comment","target":["https:\/\/www.suoreminime.com\/it\/triduo-di-preparazione-all-anniversario-di-beatificazione-in-brasile\/#respond"]}]},{"@type":"WebPage","@id":"https:\/\/www.suoreminime.com\/it\/triduo-di-preparazione-all-anniversario-di-beatificazione-in-brasile\/","url":"https:\/\/www.suoreminime.com\/it\/triduo-di-preparazione-all-anniversario-di-beatificazione-in-brasile\/","name":"TRIDUO DI PREPARAZIONE ALL' ANNIVERSARIO DI BEATIFICAZIONE IN BRASILE - Suore Francescane Minime del Sacro Cuore","isPartOf":{"@id":"https:\/\/www.suoreminime.com\/it\/#website"},"primaryImageOfPage":{"@id":"https:\/\/www.suoreminime.com\/it\/triduo-di-preparazione-all-anniversario-di-beatificazione-in-brasile\/#primaryimage"},"image":{"@id":"https:\/\/www.suoreminime.com\/it\/triduo-di-preparazione-all-anniversario-di-beatificazione-in-brasile\/#primaryimage"},"thumbnailUrl":"https:\/\/www.suoreminime.com\/wp-content\/uploads\/2020\/04\/madre-brasile.jpg","datePublished":"2020-04-20T20:05:45+00:00","dateModified":"2020-04-22T20:18:01+00:00","author":{"@id":"https:\/\/www.suoreminime.com\/it\/#\/schema\/person\/7b25a7d38348f7dc836a568e7e112aad"},"breadcrumb":{"@id":"https:\/\/www.suoreminime.com\/it\/triduo-di-preparazione-all-anniversario-di-beatificazione-in-brasile\/#breadcrumb"},"inLanguage":"it-IT","potentialAction":[{"@type":"ReadAction","target":["https:\/\/www.suoreminime.com\/it\/triduo-di-preparazione-all-anniversario-di-beatificazione-in-brasile\/"]}]},{"@type":"ImageObject","inLanguage":"it-IT","@id":"https:\/\/www.suoreminime.com\/it\/triduo-di-preparazione-all-anniversario-di-beatificazione-in-brasile\/#primaryimage","url":"https:\/\/www.suoreminime.com\/wp-content\/uploads\/2020\/04\/madre-brasile.jpg","contentUrl":"https:\/\/www.suoreminime.com\/wp-content\/uploads\/2020\/04\/madre-brasile.jpg","width":780,"height":1040},{"@type":"BreadcrumbList","@id":"https:\/\/www.suoreminime.com\/it\/triduo-di-preparazione-all-anniversario-di-beatificazione-in-brasile\/#breadcrumb","itemListElement":[{"@type":"ListItem","position":1,"name":"Home","item":"https:\/\/www.suoreminime.com\/it\/"},{"@type":"ListItem","position":2,"name":"TRIDUO DI PREPARAZIONE ALL&#8217; ANNIVERSARIO DI BEATIFICAZIONE IN BRASILE"}]},{"@type":"WebSite","@id":"https:\/\/www.suoreminime.com\/it\/#website","url":"https:\/\/www.suoreminime.com\/it\/","name":"Suore Francescane Minime del Sacro Cuore","description":"Un nuovo sito targato WordPress","potentialAction":[{"@type":"SearchAction","target":{"@type":"EntryPoint","urlTemplate":"https:\/\/www.suoreminime.com\/it\/?s={search_term_string}"},"query-input":{"@type":"PropertyValueSpecification","valueRequired":true,"valueName":"search_term_string"}}],"inLanguage":"it-IT"},{"@type":"Person","@id":"https:\/\/www.suoreminime.com\/it\/#\/schema\/person\/7b25a7d38348f7dc836a568e7e112aad","name":"Sr. Adelina Greco","image":{"@type":"ImageObject","inLanguage":"it-IT","@id":"https:\/\/www.suoreminime.com\/it\/#\/schema\/person\/image\/","url":"https:\/\/secure.gravatar.com\/avatar\/7b23fea63e27705dcd2acdea53dd762c111cb640ffd2984207c4a5d27f005a1c?s=96&d=mm&r=g","contentUrl":"https:\/\/secure.gravatar.com\/avatar\/7b23fea63e27705dcd2acdea53dd762c111cb640ffd2984207c4a5d27f005a1c?s=96&d=mm&r=g","caption":"Sr. Adelina Greco"},"url":"https:\/\/www.suoreminime.com\/it\/author\/sr-adelina\/"}]}},"_links":{"self":[{"href":"https:\/\/www.suoreminime.com\/it\/wp-json\/wp\/v2\/posts\/4663","targetHints":{"allow":["GET"]}}],"collection":[{"href":"https:\/\/www.suoreminime.com\/it\/wp-json\/wp\/v2\/posts"}],"about":[{"href":"https:\/\/www.suoreminime.com\/it\/wp-json\/wp\/v2\/types\/post"}],"author":[{"embeddable":true,"href":"https:\/\/www.suoreminime.com\/it\/wp-json\/wp\/v2\/users\/4"}],"replies":[{"embeddable":true,"href":"https:\/\/www.suoreminime.com\/it\/wp-json\/wp\/v2\/comments?post=4663"}],"version-history":[{"count":11,"href":"https:\/\/www.suoreminime.com\/it\/wp-json\/wp\/v2\/posts\/4663\/revisions"}],"predecessor-version":[{"id":4712,"href":"https:\/\/www.suoreminime.com\/it\/wp-json\/wp\/v2\/posts\/4663\/revisions\/4712"}],"wp:featuredmedia":[{"embeddable":true,"href":"https:\/\/www.suoreminime.com\/it\/wp-json\/wp\/v2\/media\/4664"}],"wp:attachment":[{"href":"https:\/\/www.suoreminime.com\/it\/wp-json\/wp\/v2\/media?parent=4663"}],"wp:term":[{"taxonomy":"category","embeddable":true,"href":"https:\/\/www.suoreminime.com\/it\/wp-json\/wp\/v2\/categories?post=4663"},{"taxonomy":"post_tag","embeddable":true,"href":"https:\/\/www.suoreminime.com\/it\/wp-json\/wp\/v2\/tags?post=4663"}],"curies":[{"name":"wp","href":"https:\/\/api.w.org\/{rel}","templated":true}]}}