{"id":1490,"date":"2019-03-05T21:44:28","date_gmt":"2019-03-05T20:44:28","guid":{"rendered":"https:\/\/www.suoreminime.com\/2019\/03\/05\/e-tempo-di-conversione\/"},"modified":"2019-12-21T12:36:04","modified_gmt":"2019-12-21T11:36:04","slug":"e-tempo-di-conversione","status":"publish","type":"post","link":"https:\/\/www.suoreminime.com\/it\/e-tempo-di-conversione\/","title":{"rendered":"\u00c8 tempo di conversione"},"content":{"rendered":"<div>Quaresima: tempo di conversione!\u00a0\u00a0Non c&#8217;\u00e8 vera esistenza cristiana senza conversione; \u00e8 la chiamata che il Signore ci fa all&#8217;inizio del suo Vangelo: &#8220;Convertitevi e credete al Vangelo&#8221;.\u00a0La conversione deve essere una realt\u00e0 permanente nella vita del cristiano; non diventa uno dei momenti della vita cristiana, ma deve essere un itinerario costantemente, quotidiano.<\/div>\n<div>La Quaresima, come momento propizio di conversione, \u00e8 l&#8217;opportunit\u00e0 che Dio mi offre per ricominciare daccapo.<\/div>\n<div><\/div>\n<div>\n<div>La Chiesa ha sempre proposto come mezzo per vivere la Quaresima,\u00a0la preghiera, il digiuno e l&#8217;elemosina.<\/div>\n<div><\/div>\n<div>Una preghiera pi\u00f9 abbondante e fatta meglio. \u00a0La preghiera \u00e8 come il respiro dell&#8217;anima. Se non c&#8217;\u00e8 preghiera, non c&#8217;\u00e8 vita di relazione con Dio. La Chiesa come una buona madre ricorda e insiste che torniamo a Dio intensificando la nostra relazione con lui, revisionando il nostro modo di pregare.<\/div>\n<div><\/div>\n<div>In questo cammino penitenziale, un&#8217;altra linea guida \u00e8\u00a0il digiuno.\u00a0Digiunare significa privarsi di qualcosa per essere pi\u00f9 disponibili con Dio e nel servire il nostro prossimo. Ci sono molte cose che accumuliamo e impediscono un agile cammino. Dobbiamo spogliarci di ci\u00f2 che rallenta il nostro passo!<\/div>\n<div><\/div>\n<div>E il terzo elemento del modello quaresimale\u00a0\u00e8 l&#8217;elemosina, la generosit\u00e0\u00a0con gli altri.\u00a0Se ci rivolgiamo a Dio in spirito e verit\u00e0 e ci priviamo di ci\u00f2 che ci ostacola, apriamo anche i nostri cuori (e le nostre tasche) agli altri in diversificate forme di servizio. La Quaresima \u00e8 tempo di uscire per incontrare i pi\u00f9 bisognosi, e ci sono cos\u00ec tante necessit\u00e0 intorno a noi e nel nostro mondo!\u00a0Entriamo pienamente e\u00a0\u00a0prontamente in questo tempo! Dio ci sorprender\u00e0 con la sua grazia e potremo giungere, rinnovati, alla Pasqua del Signore pienezza e mistero di salvezza.<\/div>\n<\/div>\n","protected":false},"excerpt":{"rendered":"<p>Quaresima: tempo di conversione!\u00a0\u00a0Non c&#8217;\u00e8 vera esistenza cristiana senza conversione; \u00e8 la chiamata che il Signore ci fa all&#8217;inizio del suo Vangelo: &#8220;Convertitevi e credete al<span class=\"excerpt-hellip\"> [\u2026]<\/span><\/p>\n","protected":false},"author":1,"featured_media":2457,"comment_status":"open","ping_status":"open","sticky":false,"template":"","format":"standard","meta":{"footnotes":""},"categories":[31],"tags":[],"class_list":["post-1490","post","type-post","status-publish","format-standard","has-post-thumbnail","hentry","category-in-evidenza"],"yoast_head":"<!-- This site is optimized with the Yoast SEO plugin v27.1.1 - https:\/\/yoast.com\/product\/yoast-seo-wordpress\/ -->\n<title>\u00c8 tempo di conversione - Suore Francescane Minime del Sacro Cuore<\/title>\n<meta name=\"robots\" content=\"index, follow, max-snippet:-1, max-image-preview:large, max-video-preview:-1\" \/>\n<link rel=\"canonical\" href=\"https:\/\/www.suoreminime.com\/it\/e-tempo-di-conversione\/\" \/>\n<meta property=\"og:locale\" content=\"it_IT\" \/>\n<meta property=\"og:type\" content=\"article\" \/>\n<meta property=\"og:title\" content=\"\u00c8 tempo di conversione - Suore Francescane Minime del Sacro Cuore\" \/>\n<meta property=\"og:description\" content=\"Quaresima: tempo di conversione!\u00a0\u00a0Non c&#8217;\u00e8 vera esistenza cristiana senza conversione; \u00e8 la chiamata che il Signore ci fa all&#8217;inizio del suo Vangelo: &#8220;Convertitevi e credete al [\u2026]\" \/>\n<meta property=\"og:url\" content=\"https:\/\/www.suoreminime.com\/it\/e-tempo-di-conversione\/\" \/>\n<meta property=\"og:site_name\" content=\"Suore Francescane Minime del Sacro Cuore\" \/>\n<meta property=\"article:published_time\" content=\"2019-03-05T20:44:28+00:00\" \/>\n<meta property=\"article:modified_time\" content=\"2019-12-21T11:36:04+00:00\" \/>\n<meta property=\"og:image\" content=\"https:\/\/www.suoreminime.com\/wp-content\/uploads\/2019\/03\/quaresima_2019.jpg\" \/>\n\t<meta property=\"og:image:width\" content=\"850\" \/>\n\t<meta property=\"og:image:height\" content=\"473\" \/>\n\t<meta property=\"og:image:type\" content=\"image\/jpeg\" \/>\n<meta name=\"author\" content=\"tommaso2\" \/>\n<meta name=\"twitter:card\" content=\"summary_large_image\" \/>\n<meta name=\"twitter:label1\" content=\"Scritto da\" \/>\n\t<meta name=\"twitter:data1\" content=\"tommaso2\" \/>\n\t<meta name=\"twitter:label2\" content=\"Tempo di lettura stimato\" \/>\n\t<meta name=\"twitter:data2\" content=\"1 minuto\" \/>\n<script type=\"application\/ld+json\" class=\"yoast-schema-graph\">{\"@context\":\"https:\/\/schema.org\",\"@graph\":[{\"@type\":\"Article\",\"@id\":\"https:\/\/www.suoreminime.com\/it\/e-tempo-di-conversione\/#article\",\"isPartOf\":{\"@id\":\"https:\/\/www.suoreminime.com\/it\/e-tempo-di-conversione\/\"},\"author\":{\"name\":\"tommaso2\",\"@id\":\"https:\/\/www.suoreminime.com\/it\/#\/schema\/person\/345a4325fafcd70055f9e0bb3b530e21\"},\"headline\":\"\u00c8 tempo di conversione\",\"datePublished\":\"2019-03-05T20:44:28+00:00\",\"dateModified\":\"2019-12-21T11:36:04+00:00\",\"mainEntityOfPage\":{\"@id\":\"https:\/\/www.suoreminime.com\/it\/e-tempo-di-conversione\/\"},\"wordCount\":279,\"commentCount\":0,\"image\":{\"@id\":\"https:\/\/www.suoreminime.com\/it\/e-tempo-di-conversione\/#primaryimage\"},\"thumbnailUrl\":\"https:\/\/www.suoreminime.com\/wp-content\/uploads\/2019\/03\/quaresima_2019.jpg\",\"articleSection\":[\"In Evidenza\"],\"inLanguage\":\"it-IT\",\"potentialAction\":[{\"@type\":\"CommentAction\",\"name\":\"Comment\",\"target\":[\"https:\/\/www.suoreminime.com\/it\/e-tempo-di-conversione\/#respond\"]}]},{\"@type\":\"WebPage\",\"@id\":\"https:\/\/www.suoreminime.com\/it\/e-tempo-di-conversione\/\",\"url\":\"https:\/\/www.suoreminime.com\/it\/e-tempo-di-conversione\/\",\"name\":\"\u00c8 tempo di conversione - Suore Francescane Minime del Sacro Cuore\",\"isPartOf\":{\"@id\":\"https:\/\/www.suoreminime.com\/it\/#website\"},\"primaryImageOfPage\":{\"@id\":\"https:\/\/www.suoreminime.com\/it\/e-tempo-di-conversione\/#primaryimage\"},\"image\":{\"@id\":\"https:\/\/www.suoreminime.com\/it\/e-tempo-di-conversione\/#primaryimage\"},\"thumbnailUrl\":\"https:\/\/www.suoreminime.com\/wp-content\/uploads\/2019\/03\/quaresima_2019.jpg\",\"datePublished\":\"2019-03-05T20:44:28+00:00\",\"dateModified\":\"2019-12-21T11:36:04+00:00\",\"author\":{\"@id\":\"https:\/\/www.suoreminime.com\/it\/#\/schema\/person\/345a4325fafcd70055f9e0bb3b530e21\"},\"breadcrumb\":{\"@id\":\"https:\/\/www.suoreminime.com\/it\/e-tempo-di-conversione\/#breadcrumb\"},\"inLanguage\":\"it-IT\",\"potentialAction\":[{\"@type\":\"ReadAction\",\"target\":[\"https:\/\/www.suoreminime.com\/it\/e-tempo-di-conversione\/\"]}]},{\"@type\":\"ImageObject\",\"inLanguage\":\"it-IT\",\"@id\":\"https:\/\/www.suoreminime.com\/it\/e-tempo-di-conversione\/#primaryimage\",\"url\":\"https:\/\/www.suoreminime.com\/wp-content\/uploads\/2019\/03\/quaresima_2019.jpg\",\"contentUrl\":\"https:\/\/www.suoreminime.com\/wp-content\/uploads\/2019\/03\/quaresima_2019.jpg\",\"width\":850,\"height\":473},{\"@type\":\"BreadcrumbList\",\"@id\":\"https:\/\/www.suoreminime.com\/it\/e-tempo-di-conversione\/#breadcrumb\",\"itemListElement\":[{\"@type\":\"ListItem\",\"position\":1,\"name\":\"Home\",\"item\":\"https:\/\/www.suoreminime.com\/it\/\"},{\"@type\":\"ListItem\",\"position\":2,\"name\":\"\u00c8 tempo di conversione\"}]},{\"@type\":\"WebSite\",\"@id\":\"https:\/\/www.suoreminime.com\/it\/#website\",\"url\":\"https:\/\/www.suoreminime.com\/it\/\",\"name\":\"Suore Francescane Minime del Sacro Cuore\",\"description\":\"Un nuovo sito targato WordPress\",\"potentialAction\":[{\"@type\":\"SearchAction\",\"target\":{\"@type\":\"EntryPoint\",\"urlTemplate\":\"https:\/\/www.suoreminime.com\/it\/?s={search_term_string}\"},\"query-input\":{\"@type\":\"PropertyValueSpecification\",\"valueRequired\":true,\"valueName\":\"search_term_string\"}}],\"inLanguage\":\"it-IT\"},{\"@type\":\"Person\",\"@id\":\"https:\/\/www.suoreminime.com\/it\/#\/schema\/person\/345a4325fafcd70055f9e0bb3b530e21\",\"name\":\"tommaso2\",\"image\":{\"@type\":\"ImageObject\",\"inLanguage\":\"it-IT\",\"@id\":\"https:\/\/www.suoreminime.com\/it\/#\/schema\/person\/image\/\",\"url\":\"https:\/\/secure.gravatar.com\/avatar\/0392a7e53c2c21be89b27fe8e1a9749ffc49cd6ff9322d379bad34a5e0d53cec?s=96&d=mm&r=g\",\"contentUrl\":\"https:\/\/secure.gravatar.com\/avatar\/0392a7e53c2c21be89b27fe8e1a9749ffc49cd6ff9322d379bad34a5e0d53cec?s=96&d=mm&r=g\",\"caption\":\"tommaso2\"},\"url\":\"https:\/\/www.suoreminime.com\/it\/author\/tommaso2\/\"}]}<\/script>\n<!-- \/ Yoast SEO plugin. -->","yoast_head_json":{"title":"\u00c8 tempo di conversione - Suore Francescane Minime del Sacro Cuore","robots":{"index":"index","follow":"follow","max-snippet":"max-snippet:-1","max-image-preview":"max-image-preview:large","max-video-preview":"max-video-preview:-1"},"canonical":"https:\/\/www.suoreminime.com\/it\/e-tempo-di-conversione\/","og_locale":"it_IT","og_type":"article","og_title":"\u00c8 tempo di conversione - Suore Francescane Minime del Sacro Cuore","og_description":"Quaresima: tempo di conversione!\u00a0\u00a0Non c&#8217;\u00e8 vera esistenza cristiana senza conversione; \u00e8 la chiamata che il Signore ci fa all&#8217;inizio del suo Vangelo: &#8220;Convertitevi e credete al [\u2026]","og_url":"https:\/\/www.suoreminime.com\/it\/e-tempo-di-conversione\/","og_site_name":"Suore Francescane Minime del Sacro Cuore","article_published_time":"2019-03-05T20:44:28+00:00","article_modified_time":"2019-12-21T11:36:04+00:00","og_image":[{"width":850,"height":473,"url":"https:\/\/www.suoreminime.com\/wp-content\/uploads\/2019\/03\/quaresima_2019.jpg","type":"image\/jpeg"}],"author":"tommaso2","twitter_card":"summary_large_image","twitter_misc":{"Scritto da":"tommaso2","Tempo di lettura stimato":"1 minuto"},"schema":{"@context":"https:\/\/schema.org","@graph":[{"@type":"Article","@id":"https:\/\/www.suoreminime.com\/it\/e-tempo-di-conversione\/#article","isPartOf":{"@id":"https:\/\/www.suoreminime.com\/it\/e-tempo-di-conversione\/"},"author":{"name":"tommaso2","@id":"https:\/\/www.suoreminime.com\/it\/#\/schema\/person\/345a4325fafcd70055f9e0bb3b530e21"},"headline":"\u00c8 tempo di conversione","datePublished":"2019-03-05T20:44:28+00:00","dateModified":"2019-12-21T11:36:04+00:00","mainEntityOfPage":{"@id":"https:\/\/www.suoreminime.com\/it\/e-tempo-di-conversione\/"},"wordCount":279,"commentCount":0,"image":{"@id":"https:\/\/www.suoreminime.com\/it\/e-tempo-di-conversione\/#primaryimage"},"thumbnailUrl":"https:\/\/www.suoreminime.com\/wp-content\/uploads\/2019\/03\/quaresima_2019.jpg","articleSection":["In Evidenza"],"inLanguage":"it-IT","potentialAction":[{"@type":"CommentAction","name":"Comment","target":["https:\/\/www.suoreminime.com\/it\/e-tempo-di-conversione\/#respond"]}]},{"@type":"WebPage","@id":"https:\/\/www.suoreminime.com\/it\/e-tempo-di-conversione\/","url":"https:\/\/www.suoreminime.com\/it\/e-tempo-di-conversione\/","name":"\u00c8 tempo di conversione - Suore Francescane Minime del Sacro Cuore","isPartOf":{"@id":"https:\/\/www.suoreminime.com\/it\/#website"},"primaryImageOfPage":{"@id":"https:\/\/www.suoreminime.com\/it\/e-tempo-di-conversione\/#primaryimage"},"image":{"@id":"https:\/\/www.suoreminime.com\/it\/e-tempo-di-conversione\/#primaryimage"},"thumbnailUrl":"https:\/\/www.suoreminime.com\/wp-content\/uploads\/2019\/03\/quaresima_2019.jpg","datePublished":"2019-03-05T20:44:28+00:00","dateModified":"2019-12-21T11:36:04+00:00","author":{"@id":"https:\/\/www.suoreminime.com\/it\/#\/schema\/person\/345a4325fafcd70055f9e0bb3b530e21"},"breadcrumb":{"@id":"https:\/\/www.suoreminime.com\/it\/e-tempo-di-conversione\/#breadcrumb"},"inLanguage":"it-IT","potentialAction":[{"@type":"ReadAction","target":["https:\/\/www.suoreminime.com\/it\/e-tempo-di-conversione\/"]}]},{"@type":"ImageObject","inLanguage":"it-IT","@id":"https:\/\/www.suoreminime.com\/it\/e-tempo-di-conversione\/#primaryimage","url":"https:\/\/www.suoreminime.com\/wp-content\/uploads\/2019\/03\/quaresima_2019.jpg","contentUrl":"https:\/\/www.suoreminime.com\/wp-content\/uploads\/2019\/03\/quaresima_2019.jpg","width":850,"height":473},{"@type":"BreadcrumbList","@id":"https:\/\/www.suoreminime.com\/it\/e-tempo-di-conversione\/#breadcrumb","itemListElement":[{"@type":"ListItem","position":1,"name":"Home","item":"https:\/\/www.suoreminime.com\/it\/"},{"@type":"ListItem","position":2,"name":"\u00c8 tempo di conversione"}]},{"@type":"WebSite","@id":"https:\/\/www.suoreminime.com\/it\/#website","url":"https:\/\/www.suoreminime.com\/it\/","name":"Suore Francescane Minime del Sacro Cuore","description":"Un nuovo sito targato WordPress","potentialAction":[{"@type":"SearchAction","target":{"@type":"EntryPoint","urlTemplate":"https:\/\/www.suoreminime.com\/it\/?s={search_term_string}"},"query-input":{"@type":"PropertyValueSpecification","valueRequired":true,"valueName":"search_term_string"}}],"inLanguage":"it-IT"},{"@type":"Person","@id":"https:\/\/www.suoreminime.com\/it\/#\/schema\/person\/345a4325fafcd70055f9e0bb3b530e21","name":"tommaso2","image":{"@type":"ImageObject","inLanguage":"it-IT","@id":"https:\/\/www.suoreminime.com\/it\/#\/schema\/person\/image\/","url":"https:\/\/secure.gravatar.com\/avatar\/0392a7e53c2c21be89b27fe8e1a9749ffc49cd6ff9322d379bad34a5e0d53cec?s=96&d=mm&r=g","contentUrl":"https:\/\/secure.gravatar.com\/avatar\/0392a7e53c2c21be89b27fe8e1a9749ffc49cd6ff9322d379bad34a5e0d53cec?s=96&d=mm&r=g","caption":"tommaso2"},"url":"https:\/\/www.suoreminime.com\/it\/author\/tommaso2\/"}]}},"_links":{"self":[{"href":"https:\/\/www.suoreminime.com\/it\/wp-json\/wp\/v2\/posts\/1490","targetHints":{"allow":["GET"]}}],"collection":[{"href":"https:\/\/www.suoreminime.com\/it\/wp-json\/wp\/v2\/posts"}],"about":[{"href":"https:\/\/www.suoreminime.com\/it\/wp-json\/wp\/v2\/types\/post"}],"author":[{"embeddable":true,"href":"https:\/\/www.suoreminime.com\/it\/wp-json\/wp\/v2\/users\/1"}],"replies":[{"embeddable":true,"href":"https:\/\/www.suoreminime.com\/it\/wp-json\/wp\/v2\/comments?post=1490"}],"version-history":[{"count":5,"href":"https:\/\/www.suoreminime.com\/it\/wp-json\/wp\/v2\/posts\/1490\/revisions"}],"predecessor-version":[{"id":2463,"href":"https:\/\/www.suoreminime.com\/it\/wp-json\/wp\/v2\/posts\/1490\/revisions\/2463"}],"wp:featuredmedia":[{"embeddable":true,"href":"https:\/\/www.suoreminime.com\/it\/wp-json\/wp\/v2\/media\/2457"}],"wp:attachment":[{"href":"https:\/\/www.suoreminime.com\/it\/wp-json\/wp\/v2\/media?parent=1490"}],"wp:term":[{"taxonomy":"category","embeddable":true,"href":"https:\/\/www.suoreminime.com\/it\/wp-json\/wp\/v2\/categories?post=1490"},{"taxonomy":"post_tag","embeddable":true,"href":"https:\/\/www.suoreminime.com\/it\/wp-json\/wp\/v2\/tags?post=1490"}],"curies":[{"name":"wp","href":"https:\/\/api.w.org\/{rel}","templated":true}]}}