{"id":1489,"date":"2019-02-08T20:32:54","date_gmt":"2019-02-08T19:32:54","guid":{"rendered":"https:\/\/www.suoreminime.com\/2019\/02\/08\/il-dono-e-l-indicatore-di-salute-del-cristiano\/"},"modified":"2019-12-21T12:38:38","modified_gmt":"2019-12-21T11:38:38","slug":"il-dono-e-l-indicatore-di-salute-del-cristiano","status":"publish","type":"post","link":"https:\/\/www.suoreminime.com\/it\/il-dono-e-l-indicatore-di-salute-del-cristiano\/","title":{"rendered":"Il dono \u00e8 l\u2019indicatore di salute del cristiano"},"content":{"rendered":"<p>\u201cLa vita \u00e8 dono di Dio\u201d, donare significa \u201cdare s\u00e9 stessi\u201d: \u00e8 quanto scrive il Papa nel messaggio per la XXVII Giornata Mondiale del Malato, che si celebrer\u00e0 il prossimo 11 febbraio.<\/p>\n<p>Nel messaggio, Papa Francesco ricorda che la chiave per vincere la cultura dello scarto e dell\u2019indifferenza: \u00e8 promuovere la cultura della gratuit\u00e0 e del dono, ed \u00e8 un modo \u201cindispensabile per superare la cultura del profitto\u201d.<\/p>\n<p>I gesti di dono gratuito, aggiunge Francesco, sono \u201cla via pi\u00f9 credibile di evangelizzazione\u201d: \u201cla cura dei malati ha bisogno di professionalit\u00e0 e di tenerezza, di gesti gratuiti, immediati e semplici come la carezza\u201d. Proprio perch\u00e9 \u00e8 un dono, \u201cl\u2019esistenza\u00a0si legge nel messaggio &#8211; non pu\u00f2 essere considerata un mero possesso o una propriet\u00e0 privata, soprattutto di fronte alle conquiste della medicina e della biotecnologia che potrebbero indurre l\u2019uomo a cedere alla tentazione della manipolazione dell\u2019albero della vita\u201d.<\/p>\n<p>La solidariet\u00e0 \u00e8 una \u201cvirt\u00f9 indispensabile all\u2019esistenza\u201d: ogni uomo, sottolinea il Papa, non riuscir\u00e0 mai a liberarsi totalmente dal bisogno e dall\u2019aiuto altrui\u201d. \u201cSolo quando l\u2019uomo si concepisce non come un mondo a s\u00e9 stante, ma come uno che per sua natura \u00e8 legato a tutti gli altri, originariamente sentiti come \u2018fratelli\u2019 &#8211; scrive il Papa &#8211; \u00e8 possibile una prassi sociale solidale improntata al bene comune\u201d. \u201cNon dobbiamo temere &#8211; aggiunge &#8211; di riconoscerci bisognosi e incapaci di darci tutto ci\u00f2 di cui avremmo bisogno, perch\u00e9 da soli e con le nostre sole forze non riusciamo a vincere ogni limite\u201d.<\/p>\n<p>\u201cLa gratuit\u00e0 umana &#8211; ricorda il Pontefice nel messaggio &#8211; \u00e8 il lievito dell\u2019azione dei volontari che tanta importanza hanno nel settore socio-sanitario e che vivono in modo eloquente la spiritualit\u00e0 del Buon Samaritano\u201d. \u201cLa dimensione della gratuit\u00e0 &#8211; aggiunge &#8211; dovrebbe animare soprattutto le strutture sanitarie cattoliche, perch\u00e9 \u00e8 la logica evangelica a qualificare il loro operare, sia nelle zone pi\u00f9 avanzate che in quelle pi\u00f9 disagiate del mondo\u201d. \u201cLe strutture cattoliche sono chiamate ad esprimere il senso del dono, della gratuit\u00e0 e della solidariet\u00e0, in risposta alla logica del profitto ad ogni costo\u201d. La salute, si legge infine nel messaggio, \u201c\u00e8 un bene che pu\u00f2 essere goduto in pieno solo se condiviso\u201d: \u201cla gioia del dono gratuito \u00e8 l\u2019indicatore di salute del cristiano\u201d.<\/p>\n<p>&nbsp;<\/p>\n","protected":false},"excerpt":{"rendered":"<p>\u201cLa vita \u00e8 dono di Dio\u201d, donare significa \u201cdare s\u00e9 stessi\u201d: \u00e8 quanto scrive il Papa nel messaggio per la XXVII Giornata Mondiale del Malato, che<span class=\"excerpt-hellip\"> [\u2026]<\/span><\/p>\n","protected":false},"author":1,"featured_media":3807,"comment_status":"open","ping_status":"open","sticky":false,"template":"","format":"standard","meta":{"footnotes":""},"categories":[31],"tags":[],"class_list":["post-1489","post","type-post","status-publish","format-standard","has-post-thumbnail","hentry","category-in-evidenza"],"yoast_head":"<!-- This site is optimized with the Yoast SEO plugin v27.1.1 - https:\/\/yoast.com\/product\/yoast-seo-wordpress\/ -->\n<title>Il dono \u00e8 l\u2019indicatore di salute del cristiano - Suore Francescane Minime del Sacro Cuore<\/title>\n<meta name=\"robots\" content=\"index, follow, max-snippet:-1, max-image-preview:large, max-video-preview:-1\" \/>\n<link rel=\"canonical\" href=\"https:\/\/www.suoreminime.com\/it\/il-dono-e-l-indicatore-di-salute-del-cristiano\/\" \/>\n<meta property=\"og:locale\" content=\"it_IT\" \/>\n<meta property=\"og:type\" content=\"article\" \/>\n<meta property=\"og:title\" content=\"Il dono \u00e8 l\u2019indicatore di salute del cristiano - Suore Francescane Minime del Sacro Cuore\" \/>\n<meta property=\"og:description\" content=\"\u201cLa vita \u00e8 dono di Dio\u201d, donare significa \u201cdare s\u00e9 stessi\u201d: \u00e8 quanto scrive il Papa nel messaggio per la XXVII Giornata Mondiale del Malato, che [\u2026]\" \/>\n<meta property=\"og:url\" content=\"https:\/\/www.suoreminime.com\/it\/il-dono-e-l-indicatore-di-salute-del-cristiano\/\" \/>\n<meta property=\"og:site_name\" content=\"Suore Francescane Minime del Sacro Cuore\" \/>\n<meta property=\"article:published_time\" content=\"2019-02-08T19:32:54+00:00\" \/>\n<meta property=\"article:modified_time\" content=\"2019-12-21T11:38:38+00:00\" \/>\n<meta property=\"og:image\" content=\"https:\/\/www.suoreminime.com\/wp-content\/uploads\/2019\/02\/giornata_malato_19-1.jpg\" \/>\n\t<meta property=\"og:image:width\" content=\"1200\" \/>\n\t<meta property=\"og:image:height\" content=\"800\" \/>\n\t<meta property=\"og:image:type\" content=\"image\/jpeg\" \/>\n<meta name=\"author\" content=\"tommaso2\" \/>\n<meta name=\"twitter:card\" content=\"summary_large_image\" \/>\n<meta name=\"twitter:label1\" content=\"Scritto da\" \/>\n\t<meta name=\"twitter:data1\" content=\"tommaso2\" \/>\n\t<meta name=\"twitter:label2\" content=\"Tempo di lettura stimato\" \/>\n\t<meta name=\"twitter:data2\" content=\"2 minuti\" \/>\n<script type=\"application\/ld+json\" class=\"yoast-schema-graph\">{\"@context\":\"https:\/\/schema.org\",\"@graph\":[{\"@type\":\"Article\",\"@id\":\"https:\/\/www.suoreminime.com\/it\/il-dono-e-l-indicatore-di-salute-del-cristiano\/#article\",\"isPartOf\":{\"@id\":\"https:\/\/www.suoreminime.com\/it\/il-dono-e-l-indicatore-di-salute-del-cristiano\/\"},\"author\":{\"name\":\"tommaso2\",\"@id\":\"https:\/\/www.suoreminime.com\/it\/#\/schema\/person\/345a4325fafcd70055f9e0bb3b530e21\"},\"headline\":\"Il dono \u00e8 l\u2019indicatore di salute del cristiano\",\"datePublished\":\"2019-02-08T19:32:54+00:00\",\"dateModified\":\"2019-12-21T11:38:38+00:00\",\"mainEntityOfPage\":{\"@id\":\"https:\/\/www.suoreminime.com\/it\/il-dono-e-l-indicatore-di-salute-del-cristiano\/\"},\"wordCount\":378,\"commentCount\":0,\"image\":{\"@id\":\"https:\/\/www.suoreminime.com\/it\/il-dono-e-l-indicatore-di-salute-del-cristiano\/#primaryimage\"},\"thumbnailUrl\":\"https:\/\/www.suoreminime.com\/wp-content\/uploads\/2019\/02\/giornata_malato_19-1.jpg\",\"articleSection\":[\"In Evidenza\"],\"inLanguage\":\"it-IT\",\"potentialAction\":[{\"@type\":\"CommentAction\",\"name\":\"Comment\",\"target\":[\"https:\/\/www.suoreminime.com\/it\/il-dono-e-l-indicatore-di-salute-del-cristiano\/#respond\"]}]},{\"@type\":\"WebPage\",\"@id\":\"https:\/\/www.suoreminime.com\/it\/il-dono-e-l-indicatore-di-salute-del-cristiano\/\",\"url\":\"https:\/\/www.suoreminime.com\/it\/il-dono-e-l-indicatore-di-salute-del-cristiano\/\",\"name\":\"Il dono \u00e8 l\u2019indicatore di salute del cristiano - Suore Francescane Minime del Sacro Cuore\",\"isPartOf\":{\"@id\":\"https:\/\/www.suoreminime.com\/it\/#website\"},\"primaryImageOfPage\":{\"@id\":\"https:\/\/www.suoreminime.com\/it\/il-dono-e-l-indicatore-di-salute-del-cristiano\/#primaryimage\"},\"image\":{\"@id\":\"https:\/\/www.suoreminime.com\/it\/il-dono-e-l-indicatore-di-salute-del-cristiano\/#primaryimage\"},\"thumbnailUrl\":\"https:\/\/www.suoreminime.com\/wp-content\/uploads\/2019\/02\/giornata_malato_19-1.jpg\",\"datePublished\":\"2019-02-08T19:32:54+00:00\",\"dateModified\":\"2019-12-21T11:38:38+00:00\",\"author\":{\"@id\":\"https:\/\/www.suoreminime.com\/it\/#\/schema\/person\/345a4325fafcd70055f9e0bb3b530e21\"},\"breadcrumb\":{\"@id\":\"https:\/\/www.suoreminime.com\/it\/il-dono-e-l-indicatore-di-salute-del-cristiano\/#breadcrumb\"},\"inLanguage\":\"it-IT\",\"potentialAction\":[{\"@type\":\"ReadAction\",\"target\":[\"https:\/\/www.suoreminime.com\/it\/il-dono-e-l-indicatore-di-salute-del-cristiano\/\"]}]},{\"@type\":\"ImageObject\",\"inLanguage\":\"it-IT\",\"@id\":\"https:\/\/www.suoreminime.com\/it\/il-dono-e-l-indicatore-di-salute-del-cristiano\/#primaryimage\",\"url\":\"https:\/\/www.suoreminime.com\/wp-content\/uploads\/2019\/02\/giornata_malato_19-1.jpg\",\"contentUrl\":\"https:\/\/www.suoreminime.com\/wp-content\/uploads\/2019\/02\/giornata_malato_19-1.jpg\",\"width\":1200,\"height\":800},{\"@type\":\"BreadcrumbList\",\"@id\":\"https:\/\/www.suoreminime.com\/it\/il-dono-e-l-indicatore-di-salute-del-cristiano\/#breadcrumb\",\"itemListElement\":[{\"@type\":\"ListItem\",\"position\":1,\"name\":\"Home\",\"item\":\"https:\/\/www.suoreminime.com\/it\/\"},{\"@type\":\"ListItem\",\"position\":2,\"name\":\"Il dono \u00e8 l\u2019indicatore di salute del cristiano\"}]},{\"@type\":\"WebSite\",\"@id\":\"https:\/\/www.suoreminime.com\/it\/#website\",\"url\":\"https:\/\/www.suoreminime.com\/it\/\",\"name\":\"Suore Francescane Minime del Sacro Cuore\",\"description\":\"Un nuovo sito targato WordPress\",\"potentialAction\":[{\"@type\":\"SearchAction\",\"target\":{\"@type\":\"EntryPoint\",\"urlTemplate\":\"https:\/\/www.suoreminime.com\/it\/?s={search_term_string}\"},\"query-input\":{\"@type\":\"PropertyValueSpecification\",\"valueRequired\":true,\"valueName\":\"search_term_string\"}}],\"inLanguage\":\"it-IT\"},{\"@type\":\"Person\",\"@id\":\"https:\/\/www.suoreminime.com\/it\/#\/schema\/person\/345a4325fafcd70055f9e0bb3b530e21\",\"name\":\"tommaso2\",\"image\":{\"@type\":\"ImageObject\",\"inLanguage\":\"it-IT\",\"@id\":\"https:\/\/www.suoreminime.com\/it\/#\/schema\/person\/image\/\",\"url\":\"https:\/\/secure.gravatar.com\/avatar\/0392a7e53c2c21be89b27fe8e1a9749ffc49cd6ff9322d379bad34a5e0d53cec?s=96&d=mm&r=g\",\"contentUrl\":\"https:\/\/secure.gravatar.com\/avatar\/0392a7e53c2c21be89b27fe8e1a9749ffc49cd6ff9322d379bad34a5e0d53cec?s=96&d=mm&r=g\",\"caption\":\"tommaso2\"},\"url\":\"https:\/\/www.suoreminime.com\/it\/author\/tommaso2\/\"}]}<\/script>\n<!-- \/ Yoast SEO plugin. -->","yoast_head_json":{"title":"Il dono \u00e8 l\u2019indicatore di salute del cristiano - Suore Francescane Minime del Sacro Cuore","robots":{"index":"index","follow":"follow","max-snippet":"max-snippet:-1","max-image-preview":"max-image-preview:large","max-video-preview":"max-video-preview:-1"},"canonical":"https:\/\/www.suoreminime.com\/it\/il-dono-e-l-indicatore-di-salute-del-cristiano\/","og_locale":"it_IT","og_type":"article","og_title":"Il dono \u00e8 l\u2019indicatore di salute del cristiano - Suore Francescane Minime del Sacro Cuore","og_description":"\u201cLa vita \u00e8 dono di Dio\u201d, donare significa \u201cdare s\u00e9 stessi\u201d: \u00e8 quanto scrive il Papa nel messaggio per la XXVII Giornata Mondiale del Malato, che [\u2026]","og_url":"https:\/\/www.suoreminime.com\/it\/il-dono-e-l-indicatore-di-salute-del-cristiano\/","og_site_name":"Suore Francescane Minime del Sacro Cuore","article_published_time":"2019-02-08T19:32:54+00:00","article_modified_time":"2019-12-21T11:38:38+00:00","og_image":[{"width":1200,"height":800,"url":"https:\/\/www.suoreminime.com\/wp-content\/uploads\/2019\/02\/giornata_malato_19-1.jpg","type":"image\/jpeg"}],"author":"tommaso2","twitter_card":"summary_large_image","twitter_misc":{"Scritto da":"tommaso2","Tempo di lettura stimato":"2 minuti"},"schema":{"@context":"https:\/\/schema.org","@graph":[{"@type":"Article","@id":"https:\/\/www.suoreminime.com\/it\/il-dono-e-l-indicatore-di-salute-del-cristiano\/#article","isPartOf":{"@id":"https:\/\/www.suoreminime.com\/it\/il-dono-e-l-indicatore-di-salute-del-cristiano\/"},"author":{"name":"tommaso2","@id":"https:\/\/www.suoreminime.com\/it\/#\/schema\/person\/345a4325fafcd70055f9e0bb3b530e21"},"headline":"Il dono \u00e8 l\u2019indicatore di salute del cristiano","datePublished":"2019-02-08T19:32:54+00:00","dateModified":"2019-12-21T11:38:38+00:00","mainEntityOfPage":{"@id":"https:\/\/www.suoreminime.com\/it\/il-dono-e-l-indicatore-di-salute-del-cristiano\/"},"wordCount":378,"commentCount":0,"image":{"@id":"https:\/\/www.suoreminime.com\/it\/il-dono-e-l-indicatore-di-salute-del-cristiano\/#primaryimage"},"thumbnailUrl":"https:\/\/www.suoreminime.com\/wp-content\/uploads\/2019\/02\/giornata_malato_19-1.jpg","articleSection":["In Evidenza"],"inLanguage":"it-IT","potentialAction":[{"@type":"CommentAction","name":"Comment","target":["https:\/\/www.suoreminime.com\/it\/il-dono-e-l-indicatore-di-salute-del-cristiano\/#respond"]}]},{"@type":"WebPage","@id":"https:\/\/www.suoreminime.com\/it\/il-dono-e-l-indicatore-di-salute-del-cristiano\/","url":"https:\/\/www.suoreminime.com\/it\/il-dono-e-l-indicatore-di-salute-del-cristiano\/","name":"Il dono \u00e8 l\u2019indicatore di salute del cristiano - Suore Francescane Minime del Sacro Cuore","isPartOf":{"@id":"https:\/\/www.suoreminime.com\/it\/#website"},"primaryImageOfPage":{"@id":"https:\/\/www.suoreminime.com\/it\/il-dono-e-l-indicatore-di-salute-del-cristiano\/#primaryimage"},"image":{"@id":"https:\/\/www.suoreminime.com\/it\/il-dono-e-l-indicatore-di-salute-del-cristiano\/#primaryimage"},"thumbnailUrl":"https:\/\/www.suoreminime.com\/wp-content\/uploads\/2019\/02\/giornata_malato_19-1.jpg","datePublished":"2019-02-08T19:32:54+00:00","dateModified":"2019-12-21T11:38:38+00:00","author":{"@id":"https:\/\/www.suoreminime.com\/it\/#\/schema\/person\/345a4325fafcd70055f9e0bb3b530e21"},"breadcrumb":{"@id":"https:\/\/www.suoreminime.com\/it\/il-dono-e-l-indicatore-di-salute-del-cristiano\/#breadcrumb"},"inLanguage":"it-IT","potentialAction":[{"@type":"ReadAction","target":["https:\/\/www.suoreminime.com\/it\/il-dono-e-l-indicatore-di-salute-del-cristiano\/"]}]},{"@type":"ImageObject","inLanguage":"it-IT","@id":"https:\/\/www.suoreminime.com\/it\/il-dono-e-l-indicatore-di-salute-del-cristiano\/#primaryimage","url":"https:\/\/www.suoreminime.com\/wp-content\/uploads\/2019\/02\/giornata_malato_19-1.jpg","contentUrl":"https:\/\/www.suoreminime.com\/wp-content\/uploads\/2019\/02\/giornata_malato_19-1.jpg","width":1200,"height":800},{"@type":"BreadcrumbList","@id":"https:\/\/www.suoreminime.com\/it\/il-dono-e-l-indicatore-di-salute-del-cristiano\/#breadcrumb","itemListElement":[{"@type":"ListItem","position":1,"name":"Home","item":"https:\/\/www.suoreminime.com\/it\/"},{"@type":"ListItem","position":2,"name":"Il dono \u00e8 l\u2019indicatore di salute del cristiano"}]},{"@type":"WebSite","@id":"https:\/\/www.suoreminime.com\/it\/#website","url":"https:\/\/www.suoreminime.com\/it\/","name":"Suore Francescane Minime del Sacro Cuore","description":"Un nuovo sito targato WordPress","potentialAction":[{"@type":"SearchAction","target":{"@type":"EntryPoint","urlTemplate":"https:\/\/www.suoreminime.com\/it\/?s={search_term_string}"},"query-input":{"@type":"PropertyValueSpecification","valueRequired":true,"valueName":"search_term_string"}}],"inLanguage":"it-IT"},{"@type":"Person","@id":"https:\/\/www.suoreminime.com\/it\/#\/schema\/person\/345a4325fafcd70055f9e0bb3b530e21","name":"tommaso2","image":{"@type":"ImageObject","inLanguage":"it-IT","@id":"https:\/\/www.suoreminime.com\/it\/#\/schema\/person\/image\/","url":"https:\/\/secure.gravatar.com\/avatar\/0392a7e53c2c21be89b27fe8e1a9749ffc49cd6ff9322d379bad34a5e0d53cec?s=96&d=mm&r=g","contentUrl":"https:\/\/secure.gravatar.com\/avatar\/0392a7e53c2c21be89b27fe8e1a9749ffc49cd6ff9322d379bad34a5e0d53cec?s=96&d=mm&r=g","caption":"tommaso2"},"url":"https:\/\/www.suoreminime.com\/it\/author\/tommaso2\/"}]}},"_links":{"self":[{"href":"https:\/\/www.suoreminime.com\/it\/wp-json\/wp\/v2\/posts\/1489","targetHints":{"allow":["GET"]}}],"collection":[{"href":"https:\/\/www.suoreminime.com\/it\/wp-json\/wp\/v2\/posts"}],"about":[{"href":"https:\/\/www.suoreminime.com\/it\/wp-json\/wp\/v2\/types\/post"}],"author":[{"embeddable":true,"href":"https:\/\/www.suoreminime.com\/it\/wp-json\/wp\/v2\/users\/1"}],"replies":[{"embeddable":true,"href":"https:\/\/www.suoreminime.com\/it\/wp-json\/wp\/v2\/comments?post=1489"}],"version-history":[{"count":4,"href":"https:\/\/www.suoreminime.com\/it\/wp-json\/wp\/v2\/posts\/1489\/revisions"}],"predecessor-version":[{"id":3811,"href":"https:\/\/www.suoreminime.com\/it\/wp-json\/wp\/v2\/posts\/1489\/revisions\/3811"}],"wp:featuredmedia":[{"embeddable":true,"href":"https:\/\/www.suoreminime.com\/it\/wp-json\/wp\/v2\/media\/3807"}],"wp:attachment":[{"href":"https:\/\/www.suoreminime.com\/it\/wp-json\/wp\/v2\/media?parent=1489"}],"wp:term":[{"taxonomy":"category","embeddable":true,"href":"https:\/\/www.suoreminime.com\/it\/wp-json\/wp\/v2\/categories?post=1489"},{"taxonomy":"post_tag","embeddable":true,"href":"https:\/\/www.suoreminime.com\/it\/wp-json\/wp\/v2\/tags?post=1489"}],"curies":[{"name":"wp","href":"https:\/\/api.w.org\/{rel}","templated":true}]}}