{"id":1485,"date":"2019-01-05T08:01:18","date_gmt":"2019-01-05T07:01:18","guid":{"rendered":"https:\/\/www.suoreminime.com\/2019\/01\/05\/epifania-del-signore\/"},"modified":"2019-12-21T13:02:27","modified_gmt":"2019-12-21T12:02:27","slug":"epifania-del-signore","status":"publish","type":"post","link":"https:\/\/www.suoreminime.com\/it\/epifania-del-signore\/","title":{"rendered":"Epifania del Signore"},"content":{"rendered":"<p>A Natale \u00e8 Dio che cerca l&#8217;uomo. All&#8217;Epifania, \u00e8 l&#8217;uomo che cerca Dio. Ed \u00e8 tutto un germinare di segni: come segno Maria ha un angelo, Giuseppe un sogno, i pastori un Bambino nella mangiatoia, ai Magi basta una stella, a noi bastano i Magi. Perfino Erode ha il segno: dei viaggiatori che giungono dall&#8217;Oriente, culla della luce, a cercare un altro re.<\/p>\n<p>Perch\u00e9 un segno c&#8217;\u00e8 sempre, per tutti, anche oggi. Spesso si tratta di piccoli segni, sommessi; pi\u00f9 spesso ancora si tratta di persone che sono epifanie di bont\u00e0, incarnazioni viventi di Vangelo, che hanno occhi e parole come stelle. L&#8217;uomo \u00e8 la stella: \u00abpercorri l&#8217;uomo e troverai Dio\u00bb (sant&#8217;Agostino). Perch\u00e9 Dio non \u00e8 il Dio dei libri, ma della carne in cui \u00e8 disceso.<\/p>\n<p>Come possiamo diventare anche noi lettori di segni, e non scribi sotto un cielo vuoto?<\/p>\n<p>I. Il primo passo lo indica Isaia: \u00abAlza il capo e guarda!\u00bb. La vita \u00e8 estasi, uscire da s\u00e9, guardare in alto; uscire dal piccolo perimetro del sangue verso il grande giro delle stelle, dalle mille sbarre dietro cui si rinchiude e si illude il Narciso che \u00e8 in me, verso l&#8217;Altro. Aprire le finestre di casa ai grandi venti.<\/p>\n<p>II. Mettersi in strada dietro una stella che cammina. Per trovare Cristo occorre andare, indagare, sciogliere le vele, viaggiare con l&#8217;intelligenza e con il cuore. Cercare \u00e8 gi\u00e0 un po&#8217; trovare, ma trovare Cristo vuol dire cercarlo ancora. \u00abAndando di inizio in inizio, per inizi sempre nuovi\u00bb (Gregorio di Nissa). Andando per\u00f2 insieme, come i magi: piccola comunit\u00e0, solitudine gi\u00e0 vinta; come loro fissando al tempo stesso gli abissi del cielo e gli occhi delle creature.<\/p>\n<p>III. Non temere gli errori. Occorre l&#8217;infinita pazienza di ricominciare, e di interrogare di nuovo la Parola e la stella, non come fa uno scriba, ma come fa un bambino. Come guarda un bambino? Con uno sguardo semplice e affettuoso.<\/p>\n<p>IV. Adorare e donare. Il dono pi\u00f9 prezioso che i Magi possono offrire \u00e8 il loro stesso viaggio, lungo quasi due anni; il dono pi\u00f9 grande \u00e8 il loro lungo desiderio. Dio desidera che abbiamo desiderio di lui.<\/p>\n<p>Padre Ermes Ronchi<\/p>\n","protected":false},"excerpt":{"rendered":"<p>A Natale \u00e8 Dio che cerca l&#8217;uomo. All&#8217;Epifania, \u00e8 l&#8217;uomo che cerca Dio. Ed \u00e8 tutto un germinare di segni: come segno Maria ha un angelo,<span class=\"excerpt-hellip\"> [\u2026]<\/span><\/p>\n","protected":false},"author":1,"featured_media":3823,"comment_status":"open","ping_status":"open","sticky":false,"template":"","format":"standard","meta":{"footnotes":""},"categories":[31],"tags":[],"class_list":["post-1485","post","type-post","status-publish","format-standard","has-post-thumbnail","hentry","category-in-evidenza"],"yoast_head":"<!-- This site is optimized with the Yoast SEO plugin v27.1.1 - https:\/\/yoast.com\/product\/yoast-seo-wordpress\/ -->\n<title>Epifania del Signore - Suore Francescane Minime del Sacro Cuore<\/title>\n<meta name=\"robots\" content=\"index, follow, max-snippet:-1, max-image-preview:large, max-video-preview:-1\" \/>\n<link rel=\"canonical\" href=\"https:\/\/www.suoreminime.com\/it\/epifania-del-signore\/\" \/>\n<meta property=\"og:locale\" content=\"it_IT\" \/>\n<meta property=\"og:type\" content=\"article\" \/>\n<meta property=\"og:title\" content=\"Epifania del Signore - Suore Francescane Minime del Sacro Cuore\" \/>\n<meta property=\"og:description\" content=\"A Natale \u00e8 Dio che cerca l&#8217;uomo. All&#8217;Epifania, \u00e8 l&#8217;uomo che cerca Dio. Ed \u00e8 tutto un germinare di segni: come segno Maria ha un angelo, [\u2026]\" \/>\n<meta property=\"og:url\" content=\"https:\/\/www.suoreminime.com\/it\/epifania-del-signore\/\" \/>\n<meta property=\"og:site_name\" content=\"Suore Francescane Minime del Sacro Cuore\" \/>\n<meta property=\"article:published_time\" content=\"2019-01-05T07:01:18+00:00\" \/>\n<meta property=\"article:modified_time\" content=\"2019-12-21T12:02:27+00:00\" \/>\n<meta property=\"og:image\" content=\"https:\/\/www.suoreminime.com\/wp-content\/uploads\/2019\/01\/epifania_2019.jpg\" \/>\n\t<meta property=\"og:image:width\" content=\"960\" \/>\n\t<meta property=\"og:image:height\" content=\"470\" \/>\n\t<meta property=\"og:image:type\" content=\"image\/jpeg\" \/>\n<meta name=\"author\" content=\"tommaso2\" \/>\n<meta name=\"twitter:card\" content=\"summary_large_image\" \/>\n<meta name=\"twitter:label1\" content=\"Scritto da\" \/>\n\t<meta name=\"twitter:data1\" content=\"tommaso2\" \/>\n\t<meta name=\"twitter:label2\" content=\"Tempo di lettura stimato\" \/>\n\t<meta name=\"twitter:data2\" content=\"2 minuti\" \/>\n<script type=\"application\/ld+json\" class=\"yoast-schema-graph\">{\"@context\":\"https:\/\/schema.org\",\"@graph\":[{\"@type\":\"Article\",\"@id\":\"https:\/\/www.suoreminime.com\/it\/epifania-del-signore\/#article\",\"isPartOf\":{\"@id\":\"https:\/\/www.suoreminime.com\/it\/epifania-del-signore\/\"},\"author\":{\"name\":\"tommaso2\",\"@id\":\"https:\/\/www.suoreminime.com\/it\/#\/schema\/person\/345a4325fafcd70055f9e0bb3b530e21\"},\"headline\":\"Epifania del Signore\",\"datePublished\":\"2019-01-05T07:01:18+00:00\",\"dateModified\":\"2019-12-21T12:02:27+00:00\",\"mainEntityOfPage\":{\"@id\":\"https:\/\/www.suoreminime.com\/it\/epifania-del-signore\/\"},\"wordCount\":351,\"commentCount\":0,\"image\":{\"@id\":\"https:\/\/www.suoreminime.com\/it\/epifania-del-signore\/#primaryimage\"},\"thumbnailUrl\":\"https:\/\/www.suoreminime.com\/wp-content\/uploads\/2019\/01\/epifania_2019.jpg\",\"articleSection\":[\"In Evidenza\"],\"inLanguage\":\"it-IT\",\"potentialAction\":[{\"@type\":\"CommentAction\",\"name\":\"Comment\",\"target\":[\"https:\/\/www.suoreminime.com\/it\/epifania-del-signore\/#respond\"]}]},{\"@type\":\"WebPage\",\"@id\":\"https:\/\/www.suoreminime.com\/it\/epifania-del-signore\/\",\"url\":\"https:\/\/www.suoreminime.com\/it\/epifania-del-signore\/\",\"name\":\"Epifania del Signore - Suore Francescane Minime del Sacro Cuore\",\"isPartOf\":{\"@id\":\"https:\/\/www.suoreminime.com\/it\/#website\"},\"primaryImageOfPage\":{\"@id\":\"https:\/\/www.suoreminime.com\/it\/epifania-del-signore\/#primaryimage\"},\"image\":{\"@id\":\"https:\/\/www.suoreminime.com\/it\/epifania-del-signore\/#primaryimage\"},\"thumbnailUrl\":\"https:\/\/www.suoreminime.com\/wp-content\/uploads\/2019\/01\/epifania_2019.jpg\",\"datePublished\":\"2019-01-05T07:01:18+00:00\",\"dateModified\":\"2019-12-21T12:02:27+00:00\",\"author\":{\"@id\":\"https:\/\/www.suoreminime.com\/it\/#\/schema\/person\/345a4325fafcd70055f9e0bb3b530e21\"},\"breadcrumb\":{\"@id\":\"https:\/\/www.suoreminime.com\/it\/epifania-del-signore\/#breadcrumb\"},\"inLanguage\":\"it-IT\",\"potentialAction\":[{\"@type\":\"ReadAction\",\"target\":[\"https:\/\/www.suoreminime.com\/it\/epifania-del-signore\/\"]}]},{\"@type\":\"ImageObject\",\"inLanguage\":\"it-IT\",\"@id\":\"https:\/\/www.suoreminime.com\/it\/epifania-del-signore\/#primaryimage\",\"url\":\"https:\/\/www.suoreminime.com\/wp-content\/uploads\/2019\/01\/epifania_2019.jpg\",\"contentUrl\":\"https:\/\/www.suoreminime.com\/wp-content\/uploads\/2019\/01\/epifania_2019.jpg\",\"width\":960,\"height\":470},{\"@type\":\"BreadcrumbList\",\"@id\":\"https:\/\/www.suoreminime.com\/it\/epifania-del-signore\/#breadcrumb\",\"itemListElement\":[{\"@type\":\"ListItem\",\"position\":1,\"name\":\"Home\",\"item\":\"https:\/\/www.suoreminime.com\/it\/\"},{\"@type\":\"ListItem\",\"position\":2,\"name\":\"Epifania del Signore\"}]},{\"@type\":\"WebSite\",\"@id\":\"https:\/\/www.suoreminime.com\/it\/#website\",\"url\":\"https:\/\/www.suoreminime.com\/it\/\",\"name\":\"Suore Francescane Minime del Sacro Cuore\",\"description\":\"Un nuovo sito targato WordPress\",\"potentialAction\":[{\"@type\":\"SearchAction\",\"target\":{\"@type\":\"EntryPoint\",\"urlTemplate\":\"https:\/\/www.suoreminime.com\/it\/?s={search_term_string}\"},\"query-input\":{\"@type\":\"PropertyValueSpecification\",\"valueRequired\":true,\"valueName\":\"search_term_string\"}}],\"inLanguage\":\"it-IT\"},{\"@type\":\"Person\",\"@id\":\"https:\/\/www.suoreminime.com\/it\/#\/schema\/person\/345a4325fafcd70055f9e0bb3b530e21\",\"name\":\"tommaso2\",\"image\":{\"@type\":\"ImageObject\",\"inLanguage\":\"it-IT\",\"@id\":\"https:\/\/www.suoreminime.com\/it\/#\/schema\/person\/image\/\",\"url\":\"https:\/\/secure.gravatar.com\/avatar\/0392a7e53c2c21be89b27fe8e1a9749ffc49cd6ff9322d379bad34a5e0d53cec?s=96&d=mm&r=g\",\"contentUrl\":\"https:\/\/secure.gravatar.com\/avatar\/0392a7e53c2c21be89b27fe8e1a9749ffc49cd6ff9322d379bad34a5e0d53cec?s=96&d=mm&r=g\",\"caption\":\"tommaso2\"},\"url\":\"https:\/\/www.suoreminime.com\/it\/author\/tommaso2\/\"}]}<\/script>\n<!-- \/ Yoast SEO plugin. -->","yoast_head_json":{"title":"Epifania del Signore - Suore Francescane Minime del Sacro Cuore","robots":{"index":"index","follow":"follow","max-snippet":"max-snippet:-1","max-image-preview":"max-image-preview:large","max-video-preview":"max-video-preview:-1"},"canonical":"https:\/\/www.suoreminime.com\/it\/epifania-del-signore\/","og_locale":"it_IT","og_type":"article","og_title":"Epifania del Signore - Suore Francescane Minime del Sacro Cuore","og_description":"A Natale \u00e8 Dio che cerca l&#8217;uomo. All&#8217;Epifania, \u00e8 l&#8217;uomo che cerca Dio. Ed \u00e8 tutto un germinare di segni: come segno Maria ha un angelo, [\u2026]","og_url":"https:\/\/www.suoreminime.com\/it\/epifania-del-signore\/","og_site_name":"Suore Francescane Minime del Sacro Cuore","article_published_time":"2019-01-05T07:01:18+00:00","article_modified_time":"2019-12-21T12:02:27+00:00","og_image":[{"width":960,"height":470,"url":"https:\/\/www.suoreminime.com\/wp-content\/uploads\/2019\/01\/epifania_2019.jpg","type":"image\/jpeg"}],"author":"tommaso2","twitter_card":"summary_large_image","twitter_misc":{"Scritto da":"tommaso2","Tempo di lettura stimato":"2 minuti"},"schema":{"@context":"https:\/\/schema.org","@graph":[{"@type":"Article","@id":"https:\/\/www.suoreminime.com\/it\/epifania-del-signore\/#article","isPartOf":{"@id":"https:\/\/www.suoreminime.com\/it\/epifania-del-signore\/"},"author":{"name":"tommaso2","@id":"https:\/\/www.suoreminime.com\/it\/#\/schema\/person\/345a4325fafcd70055f9e0bb3b530e21"},"headline":"Epifania del Signore","datePublished":"2019-01-05T07:01:18+00:00","dateModified":"2019-12-21T12:02:27+00:00","mainEntityOfPage":{"@id":"https:\/\/www.suoreminime.com\/it\/epifania-del-signore\/"},"wordCount":351,"commentCount":0,"image":{"@id":"https:\/\/www.suoreminime.com\/it\/epifania-del-signore\/#primaryimage"},"thumbnailUrl":"https:\/\/www.suoreminime.com\/wp-content\/uploads\/2019\/01\/epifania_2019.jpg","articleSection":["In Evidenza"],"inLanguage":"it-IT","potentialAction":[{"@type":"CommentAction","name":"Comment","target":["https:\/\/www.suoreminime.com\/it\/epifania-del-signore\/#respond"]}]},{"@type":"WebPage","@id":"https:\/\/www.suoreminime.com\/it\/epifania-del-signore\/","url":"https:\/\/www.suoreminime.com\/it\/epifania-del-signore\/","name":"Epifania del Signore - Suore Francescane Minime del Sacro Cuore","isPartOf":{"@id":"https:\/\/www.suoreminime.com\/it\/#website"},"primaryImageOfPage":{"@id":"https:\/\/www.suoreminime.com\/it\/epifania-del-signore\/#primaryimage"},"image":{"@id":"https:\/\/www.suoreminime.com\/it\/epifania-del-signore\/#primaryimage"},"thumbnailUrl":"https:\/\/www.suoreminime.com\/wp-content\/uploads\/2019\/01\/epifania_2019.jpg","datePublished":"2019-01-05T07:01:18+00:00","dateModified":"2019-12-21T12:02:27+00:00","author":{"@id":"https:\/\/www.suoreminime.com\/it\/#\/schema\/person\/345a4325fafcd70055f9e0bb3b530e21"},"breadcrumb":{"@id":"https:\/\/www.suoreminime.com\/it\/epifania-del-signore\/#breadcrumb"},"inLanguage":"it-IT","potentialAction":[{"@type":"ReadAction","target":["https:\/\/www.suoreminime.com\/it\/epifania-del-signore\/"]}]},{"@type":"ImageObject","inLanguage":"it-IT","@id":"https:\/\/www.suoreminime.com\/it\/epifania-del-signore\/#primaryimage","url":"https:\/\/www.suoreminime.com\/wp-content\/uploads\/2019\/01\/epifania_2019.jpg","contentUrl":"https:\/\/www.suoreminime.com\/wp-content\/uploads\/2019\/01\/epifania_2019.jpg","width":960,"height":470},{"@type":"BreadcrumbList","@id":"https:\/\/www.suoreminime.com\/it\/epifania-del-signore\/#breadcrumb","itemListElement":[{"@type":"ListItem","position":1,"name":"Home","item":"https:\/\/www.suoreminime.com\/it\/"},{"@type":"ListItem","position":2,"name":"Epifania del Signore"}]},{"@type":"WebSite","@id":"https:\/\/www.suoreminime.com\/it\/#website","url":"https:\/\/www.suoreminime.com\/it\/","name":"Suore Francescane Minime del Sacro Cuore","description":"Un nuovo sito targato WordPress","potentialAction":[{"@type":"SearchAction","target":{"@type":"EntryPoint","urlTemplate":"https:\/\/www.suoreminime.com\/it\/?s={search_term_string}"},"query-input":{"@type":"PropertyValueSpecification","valueRequired":true,"valueName":"search_term_string"}}],"inLanguage":"it-IT"},{"@type":"Person","@id":"https:\/\/www.suoreminime.com\/it\/#\/schema\/person\/345a4325fafcd70055f9e0bb3b530e21","name":"tommaso2","image":{"@type":"ImageObject","inLanguage":"it-IT","@id":"https:\/\/www.suoreminime.com\/it\/#\/schema\/person\/image\/","url":"https:\/\/secure.gravatar.com\/avatar\/0392a7e53c2c21be89b27fe8e1a9749ffc49cd6ff9322d379bad34a5e0d53cec?s=96&d=mm&r=g","contentUrl":"https:\/\/secure.gravatar.com\/avatar\/0392a7e53c2c21be89b27fe8e1a9749ffc49cd6ff9322d379bad34a5e0d53cec?s=96&d=mm&r=g","caption":"tommaso2"},"url":"https:\/\/www.suoreminime.com\/it\/author\/tommaso2\/"}]}},"_links":{"self":[{"href":"https:\/\/www.suoreminime.com\/it\/wp-json\/wp\/v2\/posts\/1485","targetHints":{"allow":["GET"]}}],"collection":[{"href":"https:\/\/www.suoreminime.com\/it\/wp-json\/wp\/v2\/posts"}],"about":[{"href":"https:\/\/www.suoreminime.com\/it\/wp-json\/wp\/v2\/types\/post"}],"author":[{"embeddable":true,"href":"https:\/\/www.suoreminime.com\/it\/wp-json\/wp\/v2\/users\/1"}],"replies":[{"embeddable":true,"href":"https:\/\/www.suoreminime.com\/it\/wp-json\/wp\/v2\/comments?post=1485"}],"version-history":[{"count":2,"href":"https:\/\/www.suoreminime.com\/it\/wp-json\/wp\/v2\/posts\/1485\/revisions"}],"predecessor-version":[{"id":3827,"href":"https:\/\/www.suoreminime.com\/it\/wp-json\/wp\/v2\/posts\/1485\/revisions\/3827"}],"wp:featuredmedia":[{"embeddable":true,"href":"https:\/\/www.suoreminime.com\/it\/wp-json\/wp\/v2\/media\/3823"}],"wp:attachment":[{"href":"https:\/\/www.suoreminime.com\/it\/wp-json\/wp\/v2\/media?parent=1485"}],"wp:term":[{"taxonomy":"category","embeddable":true,"href":"https:\/\/www.suoreminime.com\/it\/wp-json\/wp\/v2\/categories?post=1485"},{"taxonomy":"post_tag","embeddable":true,"href":"https:\/\/www.suoreminime.com\/it\/wp-json\/wp\/v2\/tags?post=1485"}],"curies":[{"name":"wp","href":"https:\/\/api.w.org\/{rel}","templated":true}]}}